{"id":95742,"date":"2022-12-03T13:55:49","date_gmt":"2022-12-03T16:55:49","guid":{"rendered":"https:\/\/primicias2262.com\/?p=95742"},"modified":"2022-12-03T13:55:49","modified_gmt":"2022-12-03T16:55:49","slug":"el-sindicato-de-trabajadores-municipales-reconocio-en-emotivo-acto-a-afiliados-jubilados","status":"publish","type":"post","link":"https:\/\/primicias2262.com\/noticias\/el-sindicato-de-trabajadores-municipales-reconocio-en-emotivo-acto-a-afiliados-jubilados\/","title":{"rendered":"El Sindicato de Trabajadores Municipales reconoci\u00f3 en emotivo acto a afiliados jubilados"},"content":{"rendered":"<p>El secretario General del gremio, Alberto Gim\u00e9nez, se refiri\u00f3 en \u201cVoces de la Ciudad\u201d a la ceremonia del pasado viernes 25 en la sede del sindicato en la que se reconocieron a jubilados municipales y a trabajadores que cumplieron 25 a\u00f1os de servicio.<\/p>\n<p>En nota realizada por el periodista Jorge G\u00f3mez, Gim\u00e9nez resalt\u00f3 sobre el homenaje a compa\u00f1eros y compa\u00f1eras que \u201ces algo que hacemos siempre el D\u00eda del Trabajador Municipal que es el 8 de noviembre, pero este a\u00f1o despu\u00e9s de no haber podido tener fiestas volvimos a tener una fiesta grande, e hicimos estaentrega el 25 en nuestra sede, con menci\u00f3n y reconocimiento para jubilados y compa\u00f1eros afiliados al Sindicato que cumplieron los 25 a\u00f1os de servicio en el Municipio de Necochea\u201d.<\/p>\n<p>\u201cFue muy emotivo el acto y estuvo presidente Ra\u00fal Ferrario, titular del Centro de Jubilados Municipales\u201d, acot\u00f3 Gim\u00e9nez, quien luego comparti\u00f3 el listado de trabajadores a los que se les realiz\u00f3 un presente de parte de la comisi\u00f3n directiva del STM.<\/p>\n<p>Los compa\u00f1eros jubilados afiliados al gremio que fueron reconocidos son:<\/p>\n<p>-Jos\u00e9 Luis Orofino<br \/>\n-Daniel Ferreira<br \/>\n-Guillermo Estela<br \/>\n-Antonio Reyes<br \/>\n-Petrona Ben\u00edtez<br \/>\n-Daniel Veiga<br \/>\n-Silvia Britos<br \/>\n-Sandra \u00c1lvarez<br \/>\n-Pedro Maidana<\/p>\n<p>Entrega tambi\u00e9n a quienes cumplieron 25 a\u00f1os de servicio:<\/p>\n<p>-Andr\u00e9s Miguens<br \/>\n-Elba Laino<br \/>\n-Karina Barraza<br \/>\n&#8211; Carlos Callegari<br \/>\n-Jorge Saba<br \/>\n-Luc\u00eda Rodr\u00edguez<br \/>\n-Mar\u00eda Marcolongo<\/p>\n","protected":false},"excerpt":{"rendered":"<p>El secretario General del gremio, Alberto Gim\u00e9nez, se refiri\u00f3 en \u201cVoces de la Ciudad\u201d a la ceremonia del pasado viernes 25 en la sede del sindicato en la que se reconocieron a jubilados municipales y a trabajadores que cumplieron 25 a\u00f1os de servicio. En nota realizada por el periodista Jorge G\u00f3mez, Gim\u00e9nez resalt\u00f3 sobre el [&hellip;]<\/p>\n","protected":false},"author":3,"featured_media":95743,"comment_status":"closed","ping_status":"closed","sticky":false,"template":"","format":"standard","meta":{"footnotes":""},"categories":[3],"tags":[],"class_list":["post-95742","post","type-post","status-publish","format-standard","has-post-thumbnail","category-masnoticias"],"_links":{"self":[{"href":"https:\/\/primicias2262.com\/noticias\/wp-json\/wp\/v2\/posts\/95742","targetHints":{"allow":["GET"]}}],"collection":[{"href":"https:\/\/primicias2262.com\/noticias\/wp-json\/wp\/v2\/posts"}],"about":[{"href":"https:\/\/primicias2262.com\/noticias\/wp-json\/wp\/v2\/types\/post"}],"author":[{"embeddable":true,"href":"https:\/\/primicias2262.com\/noticias\/wp-json\/wp\/v2\/users\/3"}],"replies":[{"embeddable":true,"href":"https:\/\/primicias2262.com\/noticias\/wp-json\/wp\/v2\/comments?post=95742"}],"version-history":[{"count":0,"href":"https:\/\/primicias2262.com\/noticias\/wp-json\/wp\/v2\/posts\/95742\/revisions"}],"wp:attachment":[{"href":"https:\/\/primicias2262.com\/noticias\/wp-json\/wp\/v2\/media?parent=95742"}],"wp:term":[{"taxonomy":"category","embeddable":true,"href":"https:\/\/primicias2262.com\/noticias\/wp-json\/wp\/v2\/categories?post=95742"},{"taxonomy":"post_tag","embeddable":true,"href":"https:\/\/primicias2262.com\/noticias\/wp-json\/wp\/v2\/tags?post=95742"}],"curies":[{"name":"wp","href":"https:\/\/api.w.org\/{rel}","templated":true}]}}