{"id":95772,"date":"2022-12-04T14:37:53","date_gmt":"2022-12-04T17:37:53","guid":{"rendered":"https:\/\/primicias2262.com\/?p=95772"},"modified":"2022-12-04T14:37:53","modified_gmt":"2022-12-04T17:37:53","slug":"expectativas-en-cuatro-estaciones-por-la-apertura-de-la-feria-remozada","status":"publish","type":"post","link":"https:\/\/primicias2262.com\/noticias\/expectativas-en-cuatro-estaciones-por-la-apertura-de-la-feria-remozada\/","title":{"rendered":"Expectativas en \u201cCuatro Estaciones\u201d por la apertura de la feria remozada"},"content":{"rendered":"<p>Con fondos de Naci\u00f3n y la mano de obra de la cooperativa Potenciar Trabajo, la obra civil de la Feria \u201cCuatro Estaciones\u201d entra en su etapa final en el sector del Parque Miguel Lillo. Dos de las integrantes de la comisi\u00f3n directiva, Patricia Aranda y Marcela Spampinato, contaron detalles de la obra en \u201cVoces de la Ciudad\u201d, donde hablaron con el periodista Jorge G\u00f3mez.<\/p>\n<p>La Feria \u201cCuatro Estaciones\u201d cumpli\u00f3 10 a\u00f1os de vida el pasado 12 de octubre y parece que la mejor forma de celebrarlo ser\u00e1 presentando en la antesala de la temporada de verano el paseo totalmente renovado, con 32 nuevos puestos de Steel Frame que mejorar\u00e1 las condiciones diarias para los feriantes, sobre todo ante las inclemencias del clima.<\/p>\n<p>Precisamente, el clima es una de las razones que hace que se demore la obra, pero ambas integrantes de la comisi\u00f3n directiva aseguraron que los trabajadores de la cooperativa se han puesto la feria al hombro y est\u00e1n meti\u00e9ndole muchas horas para poder llegar a la temporada.<\/p>\n<p>Aranda inform\u00f3 al respecto que \u201cson 32 puestos que se construyen, los que estaban sobre la entrada del Museo quedan ah\u00ed pero no sobre la vereda sino m\u00e1s hacia adentro del parque\u201d, es decir que \u201cmirando a la Av.10 ahora habr\u00e1 entre 6 u 8 puestos y despu\u00e9s entran al parque formando una L, donde estar\u00e1n los puestos gastron\u00f3micos, y delante de los mismos habr\u00e1 un deck con bancos para que la gente pueda estar, y estar\u00e1 iluminado\u201d.<\/p>\n<p>\u201cEl material de los puestos es Steel Frame, que imita a la madera\u201d, se\u00f1alaron. De esta forma, lo que empez\u00f3 hace una d\u00e9cada con ca\u00f1os y lonas y luego sigui\u00f3 con caba\u00f1as de madera, ser\u00e1 ahora una estructura mucho m\u00e1s resistente y pintoresca.<\/p>\n<p>Al respecto cont\u00f3 Aranda que \u201ctuvimos el primer contacto con el gobierno nacional en agosto del 2021, ten\u00edamos un problema con la instalaci\u00f3n el\u00e9ctrica y no pod\u00edamos trabajar por eso, nos comunicamos con la Direcci\u00f3n de Fortalecimiento de la Econom\u00eda Popular, que depende del Ministerio de Desarrollo Social de la Naci\u00f3n, hablamos con el funcionario de esa \u00e1rea, Francisco Cubr\u00eda, quien se aboc\u00f3 a hablar con el intendente Arturo Rojas, y en febrero dieron el okey para comenzar\u201d.<\/p>\n<p>\u201cLa Municipalidad aport\u00f3 la direcci\u00f3n t\u00e9cnica por parte de Obras P\u00fablicas para la obra, los fondos son alrededor de 10 millones de pesos financiados por el gobierno nacional, todos los materiales fueron comprados en comercios de la ciudad para favorecer la econom\u00eda local y la mano de obra la realizan los compa\u00f1eros de Potenciar Trabajo, como contraprestaci\u00f3n de lo que reciben\u201d, aportaron en informaci\u00f3n Aranda y Spampinato.<\/p>\n<p>\u201cEl lugar lo tenemos otorgado por ordenanza municipal, hay muchos compa\u00f1eros que viven de eso\u201d, resalt\u00f3 Aranda, mientras que Spampinato palpit\u00f3 que \u201chay una fecha tentativa que ser\u00eda el 16 de diciembre para tenerla terminada a la obra y veremos la fecha de inauguraci\u00f3n, estamos muy felices, ser\u00e1 otro punto de atracci\u00f3n para los necochenses y turistas\u201d.<\/p>\n<p>Vale recordar que la Feria Cuatro Estaciones se mud\u00f3 al Parque Miguel Lillo, en 10 y 95 en la temporada de 2016 para 2017. \u201cAntes est\u00e1bamos en la plazoleta Evita, y el pasado 12 de octubre cumplimos 10 a\u00f1os, la feria en s\u00ed comenz\u00f3 el 12 de octubre de 2012. En la misma se puede encontrar mucha variedad de artesan\u00edas y gastronom\u00eda, y si bien est\u00e1n los 32 puestos ocupados al d\u00eda de hoy, tenemos lista de espera y cuando se van desocupando puestos vamos llamando a los de la lista\u201d, concluyeron.<\/p>\n","protected":false},"excerpt":{"rendered":"<p>Con fondos de Naci\u00f3n y la mano de obra de la cooperativa Potenciar Trabajo, la obra civil de la Feria \u201cCuatro Estaciones\u201d entra en su etapa final en el sector del Parque Miguel Lillo. Dos de las integrantes de la comisi\u00f3n directiva, Patricia Aranda y Marcela Spampinato, contaron detalles de la obra en \u201cVoces de [&hellip;]<\/p>\n","protected":false},"author":3,"featured_media":95773,"comment_status":"closed","ping_status":"closed","sticky":false,"template":"","format":"standard","meta":{"footnotes":""},"categories":[3],"tags":[],"class_list":["post-95772","post","type-post","status-publish","format-standard","has-post-thumbnail","category-masnoticias"],"_links":{"self":[{"href":"https:\/\/primicias2262.com\/noticias\/wp-json\/wp\/v2\/posts\/95772","targetHints":{"allow":["GET"]}}],"collection":[{"href":"https:\/\/primicias2262.com\/noticias\/wp-json\/wp\/v2\/posts"}],"about":[{"href":"https:\/\/primicias2262.com\/noticias\/wp-json\/wp\/v2\/types\/post"}],"author":[{"embeddable":true,"href":"https:\/\/primicias2262.com\/noticias\/wp-json\/wp\/v2\/users\/3"}],"replies":[{"embeddable":true,"href":"https:\/\/primicias2262.com\/noticias\/wp-json\/wp\/v2\/comments?post=95772"}],"version-history":[{"count":0,"href":"https:\/\/primicias2262.com\/noticias\/wp-json\/wp\/v2\/posts\/95772\/revisions"}],"wp:attachment":[{"href":"https:\/\/primicias2262.com\/noticias\/wp-json\/wp\/v2\/media?parent=95772"}],"wp:term":[{"taxonomy":"category","embeddable":true,"href":"https:\/\/primicias2262.com\/noticias\/wp-json\/wp\/v2\/categories?post=95772"},{"taxonomy":"post_tag","embeddable":true,"href":"https:\/\/primicias2262.com\/noticias\/wp-json\/wp\/v2\/tags?post=95772"}],"curies":[{"name":"wp","href":"https:\/\/api.w.org\/{rel}","templated":true}]}}