{"id":95775,"date":"2022-12-04T14:42:46","date_gmt":"2022-12-04T17:42:46","guid":{"rendered":"https:\/\/primicias2262.com\/?p=95775"},"modified":"2022-12-04T14:42:46","modified_gmt":"2022-12-04T17:42:46","slug":"con-un-positivo-balance-el-caan-cumplio-29-anos-y-apunta-a-la-tenencia-responsable","status":"publish","type":"post","link":"https:\/\/primicias2262.com\/noticias\/con-un-positivo-balance-el-caan-cumplio-29-anos-y-apunta-a-la-tenencia-responsable\/","title":{"rendered":"Con un positivo balance el CAAN cumpli\u00f3 29 a\u00f1os y apunta a la tenencia responsable"},"content":{"rendered":"<p>Una de las integrantes que est\u00e1 desde los inicios en el Centro de Ayuda al Animal de Necochea, Ana Catt\u00e1neo, pas\u00f3 por los estudios de \u201cVoces de la Ciudad\u201d y dialog\u00f3 con el periodista Jorge G\u00f3mez sobre las diferentes \u00e9pocas de la instituci\u00f3n y la actualidad, acerca de lo que destac\u00f3 que \u201chemos mejorado en cuanto al trato de la sociedad con los animales, de a poco se nota la mejor\u00eda\u201d.<\/p>\n<p>Ana expres\u00f3 al inicio que \u201chace 29 a\u00f1os que se hizo la primera reuni\u00f3n, se form\u00f3 la comisi\u00f3n del CAAN, hemos estado con cosas buenas y malas, pero siempre para adelante para hacer algo positivo por la vida de los animalitos\u201d.<\/p>\n<p>Seguidamente rememor\u00f3 que \u201chubo una \u00e9poca donde hac\u00edan barridas de noche y no sab\u00edamos ad\u00f3nde los llevaban, y los mataban a los perros. En nuestros inicios \u00edbamos al Corral\u00f3n municipal para hablar con autoridades para que terminen con eso y nosotros nos hac\u00edamos cargo de los perros callejeros, a partir de ah\u00ed se cruzaron de brazos y todo el trabajo fue nuestro\u2026 cuando hab\u00eda una llamada a Bromatolog\u00eda por perros les daban mi tel\u00e9fono y hab\u00eda que salir a actuar\u201d.<\/p>\n<p>En tanto, \u201cdesde 1997 nos cedieron el predio por 25 a\u00f1os y comenzamos a construir a pulm\u00f3n, estaba lleno de retamas el predio y limpiamos todo, construimos ah\u00ed lo que hoy es algo muy lindo en 107 y 66\u201d, y cont\u00f3 que \u201cactualmente estoy como dando un paso al costado (risas), pero hay gente muy valiosa que est\u00e1 trabajando, que va regularmente y pasea los perros, los atiende en todo sentido\u2026 hay gente de la comisi\u00f3n y gente que es voluntaria, y nosotros no cobramos, al contrario, sacamos de nuestro bolsillo. Tenemos tres veterinarias que nos ayudan, les pagamos pero hay muchas cosas que no nos cobran\u201d.<\/p>\n<p>A la hora de reflexionar, Catt\u00e1neo asegur\u00f3 que \u201cel de los 29 a\u00f1os es un balance positivo, y un mejor balance ser\u00eda que cada persona se haga cargo de su mascota y que nosotros no tengamos que levantar m\u00e1s perros de la calle que est\u00e9n sufriendo\u201d, tras lo cual manifest\u00f3 que \u201clo que m\u00e1s cuesta es la concientizaci\u00f3n en la gente, habiendo un quir\u00f3fano gratuito, no llevan a castrar, y despu\u00e9s dejan tirados a los cachorros, por eso es sumamente importante castrar\u201d.<\/p>\n<p>\u201cUna sociedad madura y evolucionada ser\u00eda aquella en la que no hay animales callejeros y no hace falta un refugio\u201d, afirm\u00f3 la proteccionista, para aclarar que \u201centonces nosotros actualmente no estamos aceptando perros\u2026 solo alguna urgencia, alg\u00fan perro enfermo o que molesta en la v\u00eda p\u00fablica, pero apuntamos a que la gente se haga cargo de su mascota\u201d, y en ese sentido rescat\u00f3 que \u201chemos mejorado en cuanto al trato de la sociedad con los animales, de a poco se nota la mejor\u00eda\u201d.<\/p>\n<p>Por \u00faltimo, para estas fechas especiales de diciembre Ana Catt\u00e1neo inform\u00f3 que el CAAN lanz\u00f3 un bono con una rifa para Navidad, la cual se sortea con Loter\u00eda Provincial: \u201cEl bono vale 1000 pesos, se contactan con nosotros y nosotros lo llevamos a domicilio; el premio es de 50 mil pesos el 1\u00ba, 30 mil el 2\u00ba y 10 mil pesos el 3\u00ba, tenemos 1000 n\u00fameros para vender. Todo lo que se recauda es para la instituci\u00f3n, para arreglos en la sede y dem\u00e1s\u201d.<\/p>\n","protected":false},"excerpt":{"rendered":"<p>Una de las integrantes que est\u00e1 desde los inicios en el Centro de Ayuda al Animal de Necochea, Ana Catt\u00e1neo, pas\u00f3 por los estudios de \u201cVoces de la Ciudad\u201d y dialog\u00f3 con el periodista Jorge G\u00f3mez sobre las diferentes \u00e9pocas de la instituci\u00f3n y la actualidad, acerca de lo que destac\u00f3 que \u201chemos mejorado en [&hellip;]<\/p>\n","protected":false},"author":3,"featured_media":95776,"comment_status":"closed","ping_status":"closed","sticky":false,"template":"","format":"standard","meta":{"footnotes":""},"categories":[3],"tags":[],"class_list":["post-95775","post","type-post","status-publish","format-standard","has-post-thumbnail","category-masnoticias"],"_links":{"self":[{"href":"https:\/\/primicias2262.com\/noticias\/wp-json\/wp\/v2\/posts\/95775","targetHints":{"allow":["GET"]}}],"collection":[{"href":"https:\/\/primicias2262.com\/noticias\/wp-json\/wp\/v2\/posts"}],"about":[{"href":"https:\/\/primicias2262.com\/noticias\/wp-json\/wp\/v2\/types\/post"}],"author":[{"embeddable":true,"href":"https:\/\/primicias2262.com\/noticias\/wp-json\/wp\/v2\/users\/3"}],"replies":[{"embeddable":true,"href":"https:\/\/primicias2262.com\/noticias\/wp-json\/wp\/v2\/comments?post=95775"}],"version-history":[{"count":0,"href":"https:\/\/primicias2262.com\/noticias\/wp-json\/wp\/v2\/posts\/95775\/revisions"}],"wp:attachment":[{"href":"https:\/\/primicias2262.com\/noticias\/wp-json\/wp\/v2\/media?parent=95775"}],"wp:term":[{"taxonomy":"category","embeddable":true,"href":"https:\/\/primicias2262.com\/noticias\/wp-json\/wp\/v2\/categories?post=95775"},{"taxonomy":"post_tag","embeddable":true,"href":"https:\/\/primicias2262.com\/noticias\/wp-json\/wp\/v2\/tags?post=95775"}],"curies":[{"name":"wp","href":"https:\/\/api.w.org\/{rel}","templated":true}]}}