{"id":95792,"date":"2022-12-05T09:24:24","date_gmt":"2022-12-05T12:24:24","guid":{"rendered":"https:\/\/primicias2262.com\/?p=95792"},"modified":"2022-12-05T09:24:24","modified_gmt":"2022-12-05T12:24:24","slug":"visita-de-alumnos-de-la-escuela-no-4-al-honorable-concejo-deliberante","status":"publish","type":"post","link":"https:\/\/primicias2262.com\/noticias\/visita-de-alumnos-de-la-escuela-no-4-al-honorable-concejo-deliberante\/","title":{"rendered":"Visita de alumnos de la escuela N\u00ba 4 al Honorable Concejo Deliberante"},"content":{"rendered":"<p><strong>El pasado viernes, en el marco del Programa CONCEJO CERCA, alumnos y alumnas de 4\u00b0 a\u00f1o de la Escuela N\u00b04 realizaron una visita guiada al Honorable Concejo Deliberante. Acompa\u00f1aron a los estudiantes la docente de sala Cecilia Vasquez y la Directora Vanina Calvete.<\/strong><\/p>\n<p>Los anfitriones del grupo fueron Mar\u00eda Luz Arga\u00f1araz, del \u00e1rea de Prensa y protocolo; el Director de Relaciones Institucionales del HCD, Hugo Senzaqcua; y el Secretario Privado del Presidente del HCD, Gonzalo H\u00e9rnandez.<\/p>\n<p>Luego de la exposici\u00f3n del funcionamiento y m\u00e9todo de trabajo del Concejo Deliberante con simulacros de votaci\u00f3n y de sesi\u00f3n e inicios de proyectos los alumnos realizaron una recorrida por el HCD.<\/p>\n<p>Finalmente se entreg\u00f3 a cada uno de los visitantes un ejemplar de la revista del HCD Necochea CONCEJO ABIERTO.<\/p>\n<p><a href=\"https:\/\/primicias2262.com\/wp-content\/uploads\/2022\/12\/Visita-guiada-02-12-22-4.jpg\"><img loading=\"lazy\" decoding=\"async\" class=\"aligncenter size-full wp-image-95793\" src=\"https:\/\/primicias2262.com\/wp-content\/uploads\/2022\/12\/Visita-guiada-02-12-22-4.jpg\" alt=\"\" width=\"800\" height=\"360\" \/><\/a><\/p>\n","protected":false},"excerpt":{"rendered":"<p>El pasado viernes, en el marco del Programa CONCEJO CERCA, alumnos y alumnas de 4\u00b0 a\u00f1o de la Escuela N\u00b04 realizaron una visita guiada al Honorable Concejo Deliberante. Acompa\u00f1aron a los estudiantes la docente de sala Cecilia Vasquez y la Directora Vanina Calvete. Los anfitriones del grupo fueron Mar\u00eda Luz Arga\u00f1araz, del \u00e1rea de Prensa [&hellip;]<\/p>\n","protected":false},"author":3,"featured_media":95794,"comment_status":"closed","ping_status":"closed","sticky":false,"template":"","format":"standard","meta":{"footnotes":""},"categories":[3],"tags":[],"class_list":["post-95792","post","type-post","status-publish","format-standard","has-post-thumbnail","category-masnoticias"],"_links":{"self":[{"href":"https:\/\/primicias2262.com\/noticias\/wp-json\/wp\/v2\/posts\/95792","targetHints":{"allow":["GET"]}}],"collection":[{"href":"https:\/\/primicias2262.com\/noticias\/wp-json\/wp\/v2\/posts"}],"about":[{"href":"https:\/\/primicias2262.com\/noticias\/wp-json\/wp\/v2\/types\/post"}],"author":[{"embeddable":true,"href":"https:\/\/primicias2262.com\/noticias\/wp-json\/wp\/v2\/users\/3"}],"replies":[{"embeddable":true,"href":"https:\/\/primicias2262.com\/noticias\/wp-json\/wp\/v2\/comments?post=95792"}],"version-history":[{"count":0,"href":"https:\/\/primicias2262.com\/noticias\/wp-json\/wp\/v2\/posts\/95792\/revisions"}],"wp:attachment":[{"href":"https:\/\/primicias2262.com\/noticias\/wp-json\/wp\/v2\/media?parent=95792"}],"wp:term":[{"taxonomy":"category","embeddable":true,"href":"https:\/\/primicias2262.com\/noticias\/wp-json\/wp\/v2\/categories?post=95792"},{"taxonomy":"post_tag","embeddable":true,"href":"https:\/\/primicias2262.com\/noticias\/wp-json\/wp\/v2\/tags?post=95792"}],"curies":[{"name":"wp","href":"https:\/\/api.w.org\/{rel}","templated":true}]}}