{"id":95805,"date":"2022-12-05T14:16:39","date_gmt":"2022-12-05T17:16:39","guid":{"rendered":"https:\/\/primicias2262.com\/?p=95805"},"modified":"2022-12-05T14:16:39","modified_gmt":"2022-12-05T17:16:39","slug":"con-marcada-afluencia-comenzo-la-vacunacion-covid-en-los-caps-fomento-y-sudoeste","status":"publish","type":"post","link":"https:\/\/primicias2262.com\/noticias\/con-marcada-afluencia-comenzo-la-vacunacion-covid-en-los-caps-fomento-y-sudoeste\/","title":{"rendered":"Con marcada afluencia comenz\u00f3 la vacunaci\u00f3n Covid en los CAPS Fomento y Sudoeste"},"content":{"rendered":"<p><strong>Tanto en Quequ\u00e9n como en Necochea, ambos centros de Salud est\u00e1n habilitados de 8 a 14 para la vacunaci\u00f3n Covid, aunque se pide paciencia a los vecinos porque ambas dependencias realizan sus actividades diarias normalmente.<\/strong><\/p>\n<p>En \u201cVoces de la Ciudad\u201d, al ser consultada por el periodista Jorge G\u00f3mez, la coordinadora municipal de vacunaci\u00f3n, Adriana Turiaci, inform\u00f3 que desde este lunes \u201cestamos en Fomento Quequ\u00e9n en 519 N\u00ba 2267; y en el centro de Salud Sudoeste en 58 y 81\u2026 hubo bastante gente este primer d\u00eda y la vacunaci\u00f3n es para mayores de 5 a\u00f1os en adelante\u201d, tras lo cual aclar\u00f3 por ende que \u201cpor ahora pueden venir todos, excepto menores de 5 a\u00f1os porque esa vacuna todav\u00eda no lleg\u00f3\u201d.<\/p>\n<p>En tanto, \u201cquinta y sexta dosis es para personal de salud, personas inmunocomprometidas y mayores de 50 a\u00f1os. El tema es acercarse y si ten\u00e9s cuatro meses de la \u00faltima vacuna ver cu\u00e1l te toca\u201d, apunt\u00f3 la profesional.<\/p>\n<p>Teniendo en cuenta que durante estos primeros d\u00edas quiz\u00e1 se formen colas, Turiaci se\u00f1al\u00f3 que \u201cen lo posible vengan con el cartoncito de las dosis, estamos debutando con la vacunaci\u00f3n en estos CAPS y los mismos se saturan porque tienen otras actividades. Hay una sola enfermera y una secretaria y no se para, es imposible parar\u2026 as\u00ed que por ah\u00ed se van a hacer colas, vengan con paciencia, sobre todo estos primeros d\u00edas donde se est\u00e1n adaptando al sistema, entonces si venimos con los cartoncitos ayudamos un mont\u00f3n y se agiliza\u201d.<\/p>\n<p>Asimismo, aclar\u00f3 que \u201ceste jueves y viernes por feriado no habr\u00e1 vacunaci\u00f3n y se reanudar\u00e1 el lunes 12. Las vacunas nos llegaron el s\u00e1bado\u201d, y si bien sostuvo que \u201cahora tenemos algunos casos de Covid, no son muchos, aunque se cuadriplic\u00f3 el n\u00famero en Argentina y los casos se est\u00e1n presentando\u201d.<\/p>\n<p>\u201cLa \u00fanica recomendaci\u00f3n que nos dio la ministra (Carla Vizzotti) fue volver a los cuidados: alcohol en gel, uso del barbijo donde hay mucho amontonamiento de gente, ventilar los ambientes y si uno est\u00e1 con patolog\u00eda respiratoria no concurrir a su lugar de trabajo hasta 24 horas despu\u00e9s que pasen\u201d, manifest\u00f3 Turiaci.<\/p>\n<p>Finalmente, record\u00f3 que los s\u00edntomas de Covid son los de una gripe: mocos, tos, mal estado, dolor de cefalea, dolor de cabeza, decaimiento, cansancio y dolor de garganta\u201d, y culmin\u00f3 aclarando que ya no se vacuna en el Hospital Modular, pero ah\u00ed se realizan los hisopados a personas sintom\u00e1ticas.<\/p>\n","protected":false},"excerpt":{"rendered":"<p>Tanto en Quequ\u00e9n como en Necochea, ambos centros de Salud est\u00e1n habilitados de 8 a 14 para la vacunaci\u00f3n Covid, aunque se pide paciencia a los vecinos porque ambas dependencias realizan sus actividades diarias normalmente. En \u201cVoces de la Ciudad\u201d, al ser consultada por el periodista Jorge G\u00f3mez, la coordinadora municipal de vacunaci\u00f3n, Adriana Turiaci, [&hellip;]<\/p>\n","protected":false},"author":3,"featured_media":88732,"comment_status":"closed","ping_status":"closed","sticky":false,"template":"","format":"standard","meta":{"footnotes":""},"categories":[3],"tags":[],"class_list":["post-95805","post","type-post","status-publish","format-standard","has-post-thumbnail","category-masnoticias"],"_links":{"self":[{"href":"https:\/\/primicias2262.com\/noticias\/wp-json\/wp\/v2\/posts\/95805","targetHints":{"allow":["GET"]}}],"collection":[{"href":"https:\/\/primicias2262.com\/noticias\/wp-json\/wp\/v2\/posts"}],"about":[{"href":"https:\/\/primicias2262.com\/noticias\/wp-json\/wp\/v2\/types\/post"}],"author":[{"embeddable":true,"href":"https:\/\/primicias2262.com\/noticias\/wp-json\/wp\/v2\/users\/3"}],"replies":[{"embeddable":true,"href":"https:\/\/primicias2262.com\/noticias\/wp-json\/wp\/v2\/comments?post=95805"}],"version-history":[{"count":0,"href":"https:\/\/primicias2262.com\/noticias\/wp-json\/wp\/v2\/posts\/95805\/revisions"}],"wp:attachment":[{"href":"https:\/\/primicias2262.com\/noticias\/wp-json\/wp\/v2\/media?parent=95805"}],"wp:term":[{"taxonomy":"category","embeddable":true,"href":"https:\/\/primicias2262.com\/noticias\/wp-json\/wp\/v2\/categories?post=95805"},{"taxonomy":"post_tag","embeddable":true,"href":"https:\/\/primicias2262.com\/noticias\/wp-json\/wp\/v2\/tags?post=95805"}],"curies":[{"name":"wp","href":"https:\/\/api.w.org\/{rel}","templated":true}]}}