{"id":95823,"date":"2022-12-06T20:09:48","date_gmt":"2022-12-06T23:09:48","guid":{"rendered":"https:\/\/primicias2262.com\/?p=95823"},"modified":"2022-12-06T20:09:48","modified_gmt":"2022-12-06T23:09:48","slug":"alejandro-andersen-presenta-su-libro-ficciones-de-lo-real","status":"publish","type":"post","link":"https:\/\/primicias2262.com\/noticias\/alejandro-andersen-presenta-su-libro-ficciones-de-lo-real\/","title":{"rendered":"Alejandro Andersen presenta su libro \u201cFicciones de lo real\u201d"},"content":{"rendered":"<p><strong>Ser\u00e1 este mi\u00e9rcoles a partir de las 19.30 en el Centro Cultural\/Biblioteca Popular \u201cAndr\u00e9s Ferreyra\u201d.<\/strong><\/p>\n<p>En la v\u00edspera de la presentaci\u00f3n de su obra, la cual cuenta con ilustraciones de Sebasti\u00e1n Serqueira, el Prof. Alejandro Andersen pas\u00f3 por los estudios de \u201cVoces de la Ciudad\u201d y cont\u00f3 sus sensaciones en di\u00e1logo con el periodista Jorge G\u00f3mez.<\/p>\n<p>El libro que Andersen presentar\u00e1 este mi\u00e9rcoles a las 19.30 se compone de cr\u00f3nicas sobre hechos ver\u00eddicos que sucedieron en Necochea durante el despertar del Siglo XX. Presentados con un relato de ficci\u00f3n, el texto recupera historias de los de abajo, mujeres y hombres de clases subalternas que son rescatados el anonimato.<\/p>\n<p>Primeramente, el profesor cont\u00f3 que \u201cel libro es el resultado de mi trabajo, surge de los archivos del Juzgado de Paz de Necochea, no es un libro de Historia, son ficciones pero cada una de las cr\u00f3nicas refleja a rajatablas lo que pas\u00f3 en Necochea hace m\u00e1s de 100 a\u00f1os\u201d.<\/p>\n<p>\u201cLos que estudiamos Historia y trabajamos con documentos del pasado podemos saber qu\u00e9 pas\u00f3 y c\u00f3mo paso, pero nunca podemos saber el porqu\u00e9, eso queda en la esfera \u00edntima de los protagonistas\u201d, se\u00f1al\u00f3 Andersen, para acotar que \u201csi queremos conocer lo que pensaba la gente conocida seguramente dej\u00f3 escritos, pero la cuesti\u00f3n con los sectores subalternos es que la historia no les reconoce su presencia o su lugar, pero est\u00e1n en el Juzgado de Paz, ah\u00ed los encontramos por transici\u00f3n, es la voz de los de abajo en los archivos judiciales, aunque tambi\u00e9n est\u00e1 mediada por el escribiente\u2026 cosa que sigue pasando en la actualidad\u201d.<\/p>\n<p>Finalmente, Andersen invit\u00f3 a la comunidad a acercarse a la actividad que tendr\u00e1 entrada libre y argument\u00f3 que con el libro \u201cla idea era sacar del anonimato a esos sectores sociales que fueron muy importantes para nuestra sociedad y darles un poco de luz\u201d.<\/p>\n<p>&nbsp;<\/p>\n","protected":false},"excerpt":{"rendered":"<p>Ser\u00e1 este mi\u00e9rcoles a partir de las 19.30 en el Centro Cultural\/Biblioteca Popular \u201cAndr\u00e9s Ferreyra\u201d. En la v\u00edspera de la presentaci\u00f3n de su obra, la cual cuenta con ilustraciones de Sebasti\u00e1n Serqueira, el Prof. Alejandro Andersen pas\u00f3 por los estudios de \u201cVoces de la Ciudad\u201d y cont\u00f3 sus sensaciones en di\u00e1logo con el periodista Jorge [&hellip;]<\/p>\n","protected":false},"author":3,"featured_media":95825,"comment_status":"closed","ping_status":"closed","sticky":false,"template":"","format":"standard","meta":{"footnotes":""},"categories":[3],"tags":[],"class_list":["post-95823","post","type-post","status-publish","format-standard","has-post-thumbnail","category-masnoticias"],"_links":{"self":[{"href":"https:\/\/primicias2262.com\/noticias\/wp-json\/wp\/v2\/posts\/95823","targetHints":{"allow":["GET"]}}],"collection":[{"href":"https:\/\/primicias2262.com\/noticias\/wp-json\/wp\/v2\/posts"}],"about":[{"href":"https:\/\/primicias2262.com\/noticias\/wp-json\/wp\/v2\/types\/post"}],"author":[{"embeddable":true,"href":"https:\/\/primicias2262.com\/noticias\/wp-json\/wp\/v2\/users\/3"}],"replies":[{"embeddable":true,"href":"https:\/\/primicias2262.com\/noticias\/wp-json\/wp\/v2\/comments?post=95823"}],"version-history":[{"count":0,"href":"https:\/\/primicias2262.com\/noticias\/wp-json\/wp\/v2\/posts\/95823\/revisions"}],"wp:attachment":[{"href":"https:\/\/primicias2262.com\/noticias\/wp-json\/wp\/v2\/media?parent=95823"}],"wp:term":[{"taxonomy":"category","embeddable":true,"href":"https:\/\/primicias2262.com\/noticias\/wp-json\/wp\/v2\/categories?post=95823"},{"taxonomy":"post_tag","embeddable":true,"href":"https:\/\/primicias2262.com\/noticias\/wp-json\/wp\/v2\/tags?post=95823"}],"curies":[{"name":"wp","href":"https:\/\/api.w.org\/{rel}","templated":true}]}}