{"id":95829,"date":"2022-12-06T20:16:21","date_gmt":"2022-12-06T23:16:21","guid":{"rendered":"https:\/\/primicias2262.com\/?p=95829"},"modified":"2022-12-06T20:16:21","modified_gmt":"2022-12-06T23:16:21","slug":"este-jueves-8-por-la-noche-se-encendera-el-arbolito-de-navidad-en-la-plaza","status":"publish","type":"post","link":"https:\/\/primicias2262.com\/noticias\/este-jueves-8-por-la-noche-se-encendera-el-arbolito-de-navidad-en-la-plaza\/","title":{"rendered":"Este jueves 8 por la noche se encender\u00e1 el Arbolito de Navidad en la plaza"},"content":{"rendered":"<p>Como cada mes de diciembre, el municipio le imprime el esp\u00edritu navide\u00f1o a la Plaza Dardo Rocha de la ciudad con el armado y encendido del Arbolito y la presentaci\u00f3n del Pesebre, que se llevar\u00e1 a cabo este jueves 8 con una ceremonia nocturna que viene preparando la Direcci\u00f3n de Cultura.<\/p>\n<p>Todo comenzar\u00e1 a las 20 en la plazoleta de 56 a 58 entre 61 y 59 con la presencia de la Banda Municipal de M\u00fasica, seguir\u00e1 con artistas solistas hasta el punto horario de las 21, en que se haga el encendido del \u00c1rbol propiamente dicho en compa\u00f1\u00eda del Coro Alta Mira, y culminar\u00e1 desde las 21.15 con la presentaci\u00f3n del Ballet Folcl\u00f3rico A\u00f1oranzas.<\/p>\n<p>Por consiguiente, desde la gesti\u00f3n que encabeza el intendente municipal, Arturo Rojas, se invita a todas las familias y la comunidad necochense a participar de un momento emotivo en el que se empezar\u00e1 a palpitar la Navidad 2022.<\/p>\n<p><a href=\"https:\/\/primicias2262.com\/wp-content\/uploads\/2022\/12\/06-12-PLACA-Arbol-Navidad.jpeg\"><img loading=\"lazy\" decoding=\"async\" class=\"aligncenter size-full wp-image-95830\" src=\"https:\/\/primicias2262.com\/wp-content\/uploads\/2022\/12\/06-12-PLACA-Arbol-Navidad.jpeg\" alt=\"\" width=\"1280\" height=\"1280\" \/><\/a><\/p>\n","protected":false},"excerpt":{"rendered":"<p>Como cada mes de diciembre, el municipio le imprime el esp\u00edritu navide\u00f1o a la Plaza Dardo Rocha de la ciudad con el armado y encendido del Arbolito y la presentaci\u00f3n del Pesebre, que se llevar\u00e1 a cabo este jueves 8 con una ceremonia nocturna que viene preparando la Direcci\u00f3n de Cultura. Todo comenzar\u00e1 a las [&hellip;]<\/p>\n","protected":false},"author":3,"featured_media":70851,"comment_status":"closed","ping_status":"closed","sticky":false,"template":"","format":"standard","meta":{"footnotes":""},"categories":[3],"tags":[],"class_list":["post-95829","post","type-post","status-publish","format-standard","has-post-thumbnail","category-masnoticias"],"_links":{"self":[{"href":"https:\/\/primicias2262.com\/noticias\/wp-json\/wp\/v2\/posts\/95829","targetHints":{"allow":["GET"]}}],"collection":[{"href":"https:\/\/primicias2262.com\/noticias\/wp-json\/wp\/v2\/posts"}],"about":[{"href":"https:\/\/primicias2262.com\/noticias\/wp-json\/wp\/v2\/types\/post"}],"author":[{"embeddable":true,"href":"https:\/\/primicias2262.com\/noticias\/wp-json\/wp\/v2\/users\/3"}],"replies":[{"embeddable":true,"href":"https:\/\/primicias2262.com\/noticias\/wp-json\/wp\/v2\/comments?post=95829"}],"version-history":[{"count":0,"href":"https:\/\/primicias2262.com\/noticias\/wp-json\/wp\/v2\/posts\/95829\/revisions"}],"wp:attachment":[{"href":"https:\/\/primicias2262.com\/noticias\/wp-json\/wp\/v2\/media?parent=95829"}],"wp:term":[{"taxonomy":"category","embeddable":true,"href":"https:\/\/primicias2262.com\/noticias\/wp-json\/wp\/v2\/categories?post=95829"},{"taxonomy":"post_tag","embeddable":true,"href":"https:\/\/primicias2262.com\/noticias\/wp-json\/wp\/v2\/tags?post=95829"}],"curies":[{"name":"wp","href":"https:\/\/api.w.org\/{rel}","templated":true}]}}