{"id":95832,"date":"2022-12-07T08:33:22","date_gmt":"2022-12-07T11:33:22","guid":{"rendered":"https:\/\/primicias2262.com\/?p=95832"},"modified":"2022-12-07T08:33:22","modified_gmt":"2022-12-07T11:33:22","slug":"llegaron-los-primeros-caballos-de-lo-que-sera-el-escuadron-de-caballeria-de-necochea","status":"publish","type":"post","link":"https:\/\/primicias2262.com\/noticias\/llegaron-los-primeros-caballos-de-lo-que-sera-el-escuadron-de-caballeria-de-necochea\/","title":{"rendered":"Llegaron los primeros caballos de lo que ser\u00e1 el \u201cEscuadr\u00f3n de Caballer\u00eda de Necochea\u201d"},"content":{"rendered":"<p><strong>Ubicados en el predio que construye la Municipalidad de Necochea, en el Parque Miguel Lillo, se espera que se sumen m\u00e1s con el transcurrir de los pr\u00f3ximos meses, algo que quedar\u00eda actuando todo el a\u00f1o, y tambi\u00e9n se est\u00e1 al aguardo de los refuerzos policiales que oscilar\u00edan, en el marco de la puesta en marcha del Operativo Sol 2022-2023, de entre 150 y 180 agentes que depender\u00e1n -ambos casos- del Ministerio de Seguridad bonaerense.<\/strong><\/p>\n<p><strong>Por Jorge G\u00f3mez<\/strong><\/p>\n<p><a href=\"https:\/\/primicias2262.com\/wp-content\/uploads\/2021\/08\/Gomez.jpg\"><img loading=\"lazy\" decoding=\"async\" class=\"alignleft size-thumbnail wp-image-80409\" src=\"https:\/\/primicias2262.com\/wp-content\/uploads\/2021\/08\/Gomez-150x150.jpg\" alt=\"\" width=\"150\" height=\"150\" \/><\/a>Casi 44 a\u00f1os despu\u00e9s de que se hiciese la primera solicitud (1978), estar\u00eda pronto a ponerse en funcionamiento lo que se conocer\u00eda oficialmente como el \u201cEscuadr\u00f3n de Caballer\u00eda de Necochea\u201d, servicio que depende del Ministerio de Seguridad de la Provincia de Buenos Aires, con el dato de que en las \u00faltimas horas habr\u00edan arribado a la ciudad la primera tanda de caballos que estar\u00edan ubicados en el terreno donde se est\u00e1 erigida la obra destinada al efecto, con el albergue de estos animales y del personal que los cuida, algo que la Municipalidad de Necochea construye en un sector del Parque Miguel Lillo.<\/p>\n<p>Fuentes requeridas al efecto anticiparon en las \u00faltimas horas que, tras gestiones llevadas a cabo por el intendente municipal Arturo Rojas ante el ministro Sergio Berni, se estar\u00eda creando localmente aquel escuadr\u00f3n, cuya misi\u00f3n ser\u00e1 recorrer \u00e1reas \u201cpara lo cual los caballos del \u00e1rea de Caballer\u00eda y el personal actuante sirven perfectamente en tem\u00e1ticas atinentes a la prevenci\u00f3n, como son sus presencias en los barrios situados al Sudoeste de la Ciudad -Florida, Arce, Villa del Deportista y dem\u00e1s-, como as\u00ed el amplio Parque Miguel Lillo y la zona ribere\u00f1a, comprendiendo en este tramo al moderno y remozado Camino de la Ribera, margen local\u201d.<\/p>\n<p>A la par de ello, trascendi\u00f3 que el Operativo Sol 2022-2023 tendr\u00eda tres tandas de ejecuci\u00f3n de refuerzos policiales para nuestras ciudades de Necochea y Quequ\u00e9n, con agentes que oscilar\u00edan entre 150 y 180 efectivos.<\/p>\n<p>\u201cLa primera tanda estar\u00eda arribando el lunes 19 de diciembre, la segunda el 26 de diciembre y la \u00faltima el lunes 2 de enero de 2023, para lo cual se est\u00e1n haciendo gestiones para disponer del respectivo alojamiento del personal que actuar\u00e1 en esta etapa como refuerzo de verano\u201d, dio cuenta otra voz del Departamento Ejecutivo municipal.<\/p>\n<p>El \u201cEscuadr\u00f3n de Caballer\u00eda Necochea\u201d no s\u00f3lo actuar\u00eda en los meses estivales, sino que la idea es que adem\u00e1s de esta primera tanda de caballos -ser\u00edan inicialmente 10- se le sumar\u00edan otros m\u00e1s con el paso de las semanas, desembarcando asimismo material de apoyo que hace a la constituci\u00f3n de esta rama de la seguridad bonaerense, \u201calgo que permanecer\u00eda todo el a\u00f1o en nuestro medio\u201d, se acot\u00f3.<\/p>\n","protected":false},"excerpt":{"rendered":"<p>Ubicados en el predio que construye la Municipalidad de Necochea, en el Parque Miguel Lillo, se espera que se sumen m\u00e1s con el transcurrir de los pr\u00f3ximos meses, algo que quedar\u00eda actuando todo el a\u00f1o, y tambi\u00e9n se est\u00e1 al aguardo de los refuerzos policiales que oscilar\u00edan, en el marco de la puesta en marcha [&hellip;]<\/p>\n","protected":false},"author":3,"featured_media":95833,"comment_status":"closed","ping_status":"closed","sticky":false,"template":"","format":"standard","meta":{"footnotes":""},"categories":[3],"tags":[],"class_list":["post-95832","post","type-post","status-publish","format-standard","has-post-thumbnail","category-masnoticias"],"_links":{"self":[{"href":"https:\/\/primicias2262.com\/noticias\/wp-json\/wp\/v2\/posts\/95832","targetHints":{"allow":["GET"]}}],"collection":[{"href":"https:\/\/primicias2262.com\/noticias\/wp-json\/wp\/v2\/posts"}],"about":[{"href":"https:\/\/primicias2262.com\/noticias\/wp-json\/wp\/v2\/types\/post"}],"author":[{"embeddable":true,"href":"https:\/\/primicias2262.com\/noticias\/wp-json\/wp\/v2\/users\/3"}],"replies":[{"embeddable":true,"href":"https:\/\/primicias2262.com\/noticias\/wp-json\/wp\/v2\/comments?post=95832"}],"version-history":[{"count":0,"href":"https:\/\/primicias2262.com\/noticias\/wp-json\/wp\/v2\/posts\/95832\/revisions"}],"wp:attachment":[{"href":"https:\/\/primicias2262.com\/noticias\/wp-json\/wp\/v2\/media?parent=95832"}],"wp:term":[{"taxonomy":"category","embeddable":true,"href":"https:\/\/primicias2262.com\/noticias\/wp-json\/wp\/v2\/categories?post=95832"},{"taxonomy":"post_tag","embeddable":true,"href":"https:\/\/primicias2262.com\/noticias\/wp-json\/wp\/v2\/tags?post=95832"}],"curies":[{"name":"wp","href":"https:\/\/api.w.org\/{rel}","templated":true}]}}