{"id":95853,"date":"2022-12-07T14:15:07","date_gmt":"2022-12-07T17:15:07","guid":{"rendered":"https:\/\/primicias2262.com\/?p=95853"},"modified":"2022-12-07T14:15:07","modified_gmt":"2022-12-07T17:15:07","slug":"este-jueves-cambia-el-horario-de-la-recoleccion-de-residuos-y-comienza-el-refuerzo-de-temporada","status":"publish","type":"post","link":"https:\/\/primicias2262.com\/noticias\/este-jueves-cambia-el-horario-de-la-recoleccion-de-residuos-y-comienza-el-refuerzo-de-temporada\/","title":{"rendered":"Este jueves cambia el horario de la recolecci\u00f3n de residuos y comienza el refuerzo de temporada"},"content":{"rendered":"<p><strong>As\u00ed lo confirm\u00f3 en \u201cVoces de la Ciudad\u201d el responsable del Servicio P\u00fablico de Higiene Urbana del municipio, Adri\u00e1n Ciancaglini.<\/strong><\/p>\n<p>En di\u00e1logo telef\u00f3nico con el periodista Jorge G\u00f3mez, el funcionario se refiri\u00f3 al cambio en el servicio diurno y nocturno de la recolecci\u00f3n de residuos que entrar\u00e1 en vigencia este jueves 8 feriado: \u201cTal como ven\u00edamos charlando en estos meses con la empresa RELISA y con el rubro de Camioneros, se ha tomado en conjunto la decisi\u00f3n y vamos a empezar el servicio de temporada a partir de este jueves 8 de diciembre\u201d, afirm\u00f3 Ciancaglini, dando a entender por ende que \u201cel servicio no se resiente por feriados el jueves y viernes, o sea que la recolecci\u00f3n convencional es normal, solo que con cambio de horario\u201d.<\/p>\n<p>Por consiguiente, desde este jueves 8 \u201charemos el cambio de horario en la recolecci\u00f3n convencional, la parte diurna en invierno es de lunes a s\u00e1bado a las 8 y ahora se cambi\u00f3 una hora y comenzar\u00e1 a las 7; y en horario nocturno el servicio que sale en invierno de domingo a viernes a las 20, y a partir de ahora saldr\u00e1 a las 21\u201d, comunic\u00f3.<\/p>\n<p>Por otra parte, se inician a la vez todos los refuerzos en la villa balnearia y en Quequ\u00e9n, acerca de lo que Ciancaglini se\u00f1al\u00f3 que \u201cson los mismos refuerzos que venimos trabajando de hace a\u00f1os, as\u00ed que es bueno recalcar que en la villa balnearia vamos a hacer dos recolecciones diarias, una diurna a las 8.30 y otra nocturna a la 1.30 de la madrugada de cada d\u00eda, y completando a su vez los d\u00edas s\u00e1bados en la villa, que generalmente no hay recolecci\u00f3n convencional\u201d.<\/p>\n<p>En cuanto a la peatonal 83, desde 2 hasta 4 bis, record\u00f3 que \u201cvisitamos a los comerciantes todos los a\u00f1os y ellos tienen de 8.30 a 8.45 el compactador estacionado en 2 y 83 y no se permite dejar la bolsa en el piso, sino que va a estar ese cami\u00f3n contenedor parado para recepcionar todos los residuos de la peatonal\u201d.<\/p>\n<p>Este nuevo cronograma de horarios y refuerzos, -seg\u00fan apunt\u00f3 Adri\u00e1n, funcionar\u00e1 hasta las primeras semanas de marzo, y cerr\u00f3 con un p\u00e1rrafo respecto a las fiestas: \u201cLos \u00fanicos dos d\u00edas que no se hace el servicio son el 24 y el 31 a la noche, pero s\u00ed el matutino tanto el 25 como el 1\u00ba de enero\u201d.<\/p>\n","protected":false},"excerpt":{"rendered":"<p>As\u00ed lo confirm\u00f3 en \u201cVoces de la Ciudad\u201d el responsable del Servicio P\u00fablico de Higiene Urbana del municipio, Adri\u00e1n Ciancaglini. En di\u00e1logo telef\u00f3nico con el periodista Jorge G\u00f3mez, el funcionario se refiri\u00f3 al cambio en el servicio diurno y nocturno de la recolecci\u00f3n de residuos que entrar\u00e1 en vigencia este jueves 8 feriado: \u201cTal como [&hellip;]<\/p>\n","protected":false},"author":3,"featured_media":71073,"comment_status":"closed","ping_status":"closed","sticky":false,"template":"","format":"standard","meta":{"footnotes":""},"categories":[3],"tags":[],"class_list":["post-95853","post","type-post","status-publish","format-standard","has-post-thumbnail","category-masnoticias"],"_links":{"self":[{"href":"https:\/\/primicias2262.com\/noticias\/wp-json\/wp\/v2\/posts\/95853","targetHints":{"allow":["GET"]}}],"collection":[{"href":"https:\/\/primicias2262.com\/noticias\/wp-json\/wp\/v2\/posts"}],"about":[{"href":"https:\/\/primicias2262.com\/noticias\/wp-json\/wp\/v2\/types\/post"}],"author":[{"embeddable":true,"href":"https:\/\/primicias2262.com\/noticias\/wp-json\/wp\/v2\/users\/3"}],"replies":[{"embeddable":true,"href":"https:\/\/primicias2262.com\/noticias\/wp-json\/wp\/v2\/comments?post=95853"}],"version-history":[{"count":0,"href":"https:\/\/primicias2262.com\/noticias\/wp-json\/wp\/v2\/posts\/95853\/revisions"}],"wp:attachment":[{"href":"https:\/\/primicias2262.com\/noticias\/wp-json\/wp\/v2\/media?parent=95853"}],"wp:term":[{"taxonomy":"category","embeddable":true,"href":"https:\/\/primicias2262.com\/noticias\/wp-json\/wp\/v2\/categories?post=95853"},{"taxonomy":"post_tag","embeddable":true,"href":"https:\/\/primicias2262.com\/noticias\/wp-json\/wp\/v2\/tags?post=95853"}],"curies":[{"name":"wp","href":"https:\/\/api.w.org\/{rel}","templated":true}]}}