{"id":95856,"date":"2022-12-07T14:38:16","date_gmt":"2022-12-07T17:38:16","guid":{"rendered":"https:\/\/primicias2262.com\/?p=95856"},"modified":"2022-12-07T14:38:16","modified_gmt":"2022-12-07T17:38:16","slug":"el-colegio-de-abogados-proyecta-construir-un-complejo-deportivo-frente-a-la-terminal","status":"publish","type":"post","link":"https:\/\/primicias2262.com\/noticias\/el-colegio-de-abogados-proyecta-construir-un-complejo-deportivo-frente-a-la-terminal\/","title":{"rendered":"El Colegio de Abogados proyecta construir un complejo deportivo frente a la Terminal"},"content":{"rendered":"<p><strong>En el sal\u00f3n de actos del Colegio de Abogados se realiz\u00f3 una nueva Asamblea Extraordinaria donde se destac\u00f3 la intenci\u00f3n de avanzar con la iniciativa de concesionar un predio en la ribera del r\u00edo, frente a la Terminal de \u00d3mnibus, para construir un espacio con finalidades deportivas y recreativas que proporcione un lugar de encuentro para las y los matriculados.<\/strong><\/p>\n<p>Este \u00faltimo martes se dio la convocatoria a una nueva Asamblea Extraordinaria de los abogados locales, la cual cont\u00f3 con un gran n\u00famero de matriculados presentes que colmaron el sal\u00f3n de actos del Colegio y en la que se comunicaron dos grandes ejes de gesti\u00f3n.<\/p>\n<p>Uno tiene que ver con mejorar el desarrollo profesional y ampliar la base de participaci\u00f3n, y el otro tiende \u201ca mejorar el d\u00eda a d\u00eda de nuestra profesi\u00f3n y para ello necesit\u00e1bamos avanzar en un proyecto que nos devuelva los v\u00ednculos que nos sac\u00f3 la digitalizaci\u00f3n y las limitaciones de presencialidad que origin\u00f3 la pandemia\u201d, esgrimieron.<\/p>\n<p>En virtud de ello, el comunicado del Colegio de Abogados se\u00f1ala que \u201cse puso a consideraci\u00f3n avanzar con una iniciativa privada a los fines de concesionar un predio en la ribera del r\u00edo, frente a la Terminal de \u00d3mnibus, para construir un espacio con finalidades deportivas, gastron\u00f3micas y recreativas, que proporcione un lugar de encuentro para las y los matriculados\u201d.<\/p>\n\n<p>\u201cConsideramos que la Asamblea es el m\u00e9todo ideal para conocer las opiniones de la matr\u00edcula, por eso agradecemos la enorme participaci\u00f3n, la cantidad de oradores y el tiempo dedicado\u201d, resaltaron, para acotar que se aprob\u00f3 por mayor\u00eda la necesitad de invertir a los fines de afianzar la vinculaci\u00f3n entre colegas que enriquece y mejora el desarrollo profesional.<\/p>\n<p>\u201cSin perjuicio de ello, como Consejo Directivo evaluaremos las valiosas opiniones vertidas en la Asamblea, y analizaremos las acciones a realizar a continuaci\u00f3n, consultando cuando consideremos necesario, porque el Colegio somos todas y todos\u201d, concluy\u00f3 el comunicado tras la Asamblea.<\/p>\n","protected":false},"excerpt":{"rendered":"<p>En el sal\u00f3n de actos del Colegio de Abogados se realiz\u00f3 una nueva Asamblea Extraordinaria donde se destac\u00f3 la intenci\u00f3n de avanzar con la iniciativa de concesionar un predio en la ribera del r\u00edo, frente a la Terminal de \u00d3mnibus, para construir un espacio con finalidades deportivas y recreativas que proporcione un lugar de encuentro [&hellip;]<\/p>\n","protected":false},"author":3,"featured_media":95862,"comment_status":"closed","ping_status":"closed","sticky":false,"template":"","format":"standard","meta":{"footnotes":""},"categories":[3],"tags":[],"class_list":["post-95856","post","type-post","status-publish","format-standard","has-post-thumbnail","category-masnoticias"],"_links":{"self":[{"href":"https:\/\/primicias2262.com\/noticias\/wp-json\/wp\/v2\/posts\/95856","targetHints":{"allow":["GET"]}}],"collection":[{"href":"https:\/\/primicias2262.com\/noticias\/wp-json\/wp\/v2\/posts"}],"about":[{"href":"https:\/\/primicias2262.com\/noticias\/wp-json\/wp\/v2\/types\/post"}],"author":[{"embeddable":true,"href":"https:\/\/primicias2262.com\/noticias\/wp-json\/wp\/v2\/users\/3"}],"replies":[{"embeddable":true,"href":"https:\/\/primicias2262.com\/noticias\/wp-json\/wp\/v2\/comments?post=95856"}],"version-history":[{"count":0,"href":"https:\/\/primicias2262.com\/noticias\/wp-json\/wp\/v2\/posts\/95856\/revisions"}],"wp:attachment":[{"href":"https:\/\/primicias2262.com\/noticias\/wp-json\/wp\/v2\/media?parent=95856"}],"wp:term":[{"taxonomy":"category","embeddable":true,"href":"https:\/\/primicias2262.com\/noticias\/wp-json\/wp\/v2\/categories?post=95856"},{"taxonomy":"post_tag","embeddable":true,"href":"https:\/\/primicias2262.com\/noticias\/wp-json\/wp\/v2\/tags?post=95856"}],"curies":[{"name":"wp","href":"https:\/\/api.w.org\/{rel}","templated":true}]}}