{"id":95863,"date":"2022-12-08T15:01:51","date_gmt":"2022-12-08T18:01:51","guid":{"rendered":"https:\/\/primicias2262.com\/?p=95863"},"modified":"2022-12-08T15:01:51","modified_gmt":"2022-12-08T18:01:51","slug":"se-entregaron-menciones-y-reconocimientos-en-el-marco-de-la-23ra-gran-fiesta-del-deporte","status":"publish","type":"post","link":"https:\/\/primicias2262.com\/noticias\/se-entregaron-menciones-y-reconocimientos-en-el-marco-de-la-23ra-gran-fiesta-del-deporte\/","title":{"rendered":"Se entregaron Menciones y Reconocimientos en el marco de la 23ra Gran Fiesta del Deporte"},"content":{"rendered":"<p style=\"font-weight: 400;\"><em>La velada organizada por el C\u00edrculo de Periodistas Deportivos en el Teatro Toledo tuvo por objetivo reconocer el trabajo anual de deportistas individuales y en equipo por fuera de las ternas, referentes del deporte que brillan fuera de la ciudad, dirigentes hist\u00f3ricos, proyectos barriales y dem\u00e1s.<\/em><\/p>\n<p style=\"font-weight: 400;\">Con una sala 3 del Teatro Toledo totalmente colmada, se desarroll\u00f3 este mi\u00e9rcoles 7 la primera ceremonia en el marco de la 23ra Gran Fiesta del Deporte \u201cJuan Alberto Poteca\u201d, que organiza el C\u00edrculo de Periodistas Deportivos y que consisti\u00f3 en la entrega de Menciones especiales y Reconocimientos.<\/p>\n<p style=\"font-weight: 400;\">De esta forma, tras la pandemia la fiesta volvi\u00f3 a desdoblarse, ya que anoche se reconoci\u00f3 el trabajo anual de deportistas individuales y en equipo por fuera de las ternas, referentes del deporte que brillan fuera de la ciudad, dirigentes hist\u00f3ricos, proyectos barriales y eventos organizados en la ciudad, mientras que la semana venidera -el mi\u00e9rcoles 14-, ser\u00e1 la segunda velada de la Fiesta del Deporte pero en el sal\u00f3n de Del Valle, donde se entregar\u00e1n los premios \u201cPuente Colgante\u201d y se conocer\u00e1 al o la deportista del a\u00f1o 2022.<\/p>\n<p><a href=\"https:\/\/primicias2262.com\/wp-content\/uploads\/2022\/12\/IMG-20221208-WA0026.jpg\"><img loading=\"lazy\" decoding=\"async\" class=\"aligncenter wp-image-95867 size-large\" src=\"https:\/\/primicias2262.com\/wp-content\/uploads\/2022\/12\/IMG-20221208-WA0026-1024x768.jpg\" alt=\"\" width=\"696\" height=\"522\" \/><\/a><\/p>\n<p style=\"font-weight: 400;\">Por lo pronto, la primera parte de la fiesta desarrollada en Toledo cont\u00f3 con 49 entregas y el acompa\u00f1amiento masivo de familiares y allegados de los deportistas. La ceremonia inici\u00f3 con las palabras alusivas del vicepresidente del C\u00edrculo, Agust\u00edn Betancor; y del presidente del Honorable Concejo Deliberante, Guillermo S\u00e1nchez, quien junto a la directora de Deportes, Guadalupe Hern\u00e1ndez, estuvieron en representaci\u00f3n del intendente Arturo Rojas.<\/p>\n<p style=\"font-weight: 400;\">En primer t\u00e9rmino, Betancor resalt\u00f3 la importancia de poder volver al formato desdoblado de la fiesta para poder reconocer el trabajo \u201cde una masa cada vez m\u00e1s grande de deportistas en la ciudad\u201d, puso en valor el esfuerzo que desarrollaron los premiados durante todo el a\u00f1o, cada uno en lo suyo, y breg\u00f3 finalmente porque \u201clas patas empresarial y pol\u00edtica de la ciudad se puedan embarcar en un mayor acompa\u00f1amiento a los deportistas en 2023\u201d.<\/p>\n\n<p style=\"font-weight: 400;\">A su turno, S\u00e1nchez hizo foco en el camino recorrido por los deportistas: \u201cS\u00e9 del sacrificio que realizan d\u00eda a d\u00eda y estoy convencido que lo m\u00e1s importante del deporte es el camino que se recorre, porque el camino que uno recorre est\u00e1 lleno de sacrificios, alegr\u00edas, tristezas y el deporte est\u00e1 hecho para que seamos felices. Estamos orgullosos se la representaci\u00f3n que hacen de la ciudad\u201d, expres\u00f3.<\/p>\n<p style=\"font-weight: 400;\">Acto seguido, los locutores N\u00e9stor Chalde y Sergio Melgarejo fueron presentando a los premiados de la noche, al tiempo que la velada fue amenizada art\u00edsticamente por el socio del C\u00edrculo y cantante de tango, Agust\u00edn Ortiz.<\/p>\n<p><a href=\"https:\/\/primicias2262.com\/wp-content\/uploads\/2022\/12\/IMG-20221208-WA0030.jpg\"><img loading=\"lazy\" decoding=\"async\" class=\"aligncenter wp-image-95868 size-large\" src=\"https:\/\/primicias2262.com\/wp-content\/uploads\/2022\/12\/IMG-20221208-WA0030-1024x598.jpg\" alt=\"\" width=\"696\" height=\"406\" \/><\/a><\/p>\n<p style=\"font-weight: 400;\"><strong>Menciones especiales:<\/strong><\/p>\n<p style=\"font-weight: 400;\">Taponazo Campe\u00f3n LIFA<br \/>\n9 de Julio Campe\u00f3n LIFA<br \/>\nRacing Campe\u00f3n Copa LIFA<br \/>\nPrensa del Club Mataderos<br \/>\nCandela Bonaura<br \/>\nDanilo Maletti<br \/>\nIgnacio C\u00e1rdenas<br \/>\nAnabella Hern\u00e1ndez<br \/>\nCamila P\u00e1ez<br \/>\nDenisse Ludue\u00f1a<br \/>\nGonzalo Gim\u00e9nez Quiroga<br \/>\nEduardo Gonz\u00e1lez \u2013 Elena Gonz\u00e1lez<br \/>\nHockey Femenino Sub 18 Del Valle<br \/>\nMelany Navarrete<br \/>\nRivadavia b\u00e1squet masculino<br \/>\nRivadavia b\u00e1squet femenino<br \/>\nCestoball Villa D\u00edaz V\u00e9lez<br \/>\nJorge Newbery Senior<br \/>\nMataderos Serior<br \/>\nPat\u00edn Ave F\u00e9nix<br \/>\nEdelma D\u2019Annunzio de Pagani<br \/>\nCelia Torres de Wasowski<br \/>\nOscar \u201cNegro\u201d L\u00f3pez<br \/>\nAgrupaci\u00f3n Tenistas Veteranos<br \/>\nNecopesca Club<br \/>\nSelecci\u00f3n Necochea 1957<br \/>\nRivadavia 1957<br \/>\nProyecto Barrio<br \/>\nHoracio Tellechea<br \/>\nClub de Pesca<br \/>\nEtelvina Deguer<br \/>\nAmigos Villa del Deportista<br \/>\nNecochea Rugby Femenino<br \/>\nZoe Schutten<br \/>\nDelfina Bisciotti<br \/>\nNahuel Benavides<br \/>\nValientes Necochea Golf Club<\/p>\n<p style=\"font-weight: 400;\"><strong>Reconocimientos:<\/strong><\/p>\n<p style=\"font-weight: 400;\">Nicol\u00e1s Rizzo<\/p>\n<p style=\"font-weight: 400;\">Emiliano Basabe<\/p>\n<p style=\"font-weight: 400;\">Facundo Bosch<\/p>\n<p style=\"font-weight: 400;\">Sergio Ramos<\/p>\n<p style=\"font-weight: 400;\">Axel Jacobsen<\/p>\n<p style=\"font-weight: 400;\">Marcos Richards<\/p>\n<p style=\"font-weight: 400;\">Leonardo Trist\u00e1n<\/p>\n<p style=\"font-weight: 400;\">Renzo Velado<\/p>\n<p style=\"font-weight: 400;\">Santiago Roumec<\/p>\n<p style=\"font-weight: 400;\">Nerea Castiglione<\/p>\n<p style=\"font-weight: 400;\">Luz Cassini<\/p>\n<p style=\"font-weight: 400;\">Juan Pablo Zozaya<\/p>\n","protected":false},"excerpt":{"rendered":"<p>La velada organizada por el C\u00edrculo de Periodistas Deportivos en el Teatro Toledo tuvo por objetivo reconocer el trabajo anual de deportistas individuales y en equipo por fuera de las ternas, referentes del deporte que brillan fuera de la ciudad, dirigentes hist\u00f3ricos, proyectos barriales y dem\u00e1s. Con una sala 3 del Teatro Toledo totalmente colmada, [&hellip;]<\/p>\n","protected":false},"author":3,"featured_media":95866,"comment_status":"closed","ping_status":"closed","sticky":false,"template":"","format":"standard","meta":{"footnotes":""},"categories":[5],"tags":[],"class_list":{"0":"post-95863","1":"post","2":"type-post","3":"status-publish","4":"format-standard","5":"has-post-thumbnail","7":"category-neco"},"_links":{"self":[{"href":"https:\/\/primicias2262.com\/noticias\/wp-json\/wp\/v2\/posts\/95863","targetHints":{"allow":["GET"]}}],"collection":[{"href":"https:\/\/primicias2262.com\/noticias\/wp-json\/wp\/v2\/posts"}],"about":[{"href":"https:\/\/primicias2262.com\/noticias\/wp-json\/wp\/v2\/types\/post"}],"author":[{"embeddable":true,"href":"https:\/\/primicias2262.com\/noticias\/wp-json\/wp\/v2\/users\/3"}],"replies":[{"embeddable":true,"href":"https:\/\/primicias2262.com\/noticias\/wp-json\/wp\/v2\/comments?post=95863"}],"version-history":[{"count":0,"href":"https:\/\/primicias2262.com\/noticias\/wp-json\/wp\/v2\/posts\/95863\/revisions"}],"wp:featuredmedia":[{"embeddable":true,"href":"https:\/\/primicias2262.com\/noticias\/wp-json\/"}],"wp:attachment":[{"href":"https:\/\/primicias2262.com\/noticias\/wp-json\/wp\/v2\/media?parent=95863"}],"wp:term":[{"taxonomy":"category","embeddable":true,"href":"https:\/\/primicias2262.com\/noticias\/wp-json\/wp\/v2\/categories?post=95863"},{"taxonomy":"post_tag","embeddable":true,"href":"https:\/\/primicias2262.com\/noticias\/wp-json\/wp\/v2\/tags?post=95863"}],"curies":[{"name":"wp","href":"https:\/\/api.w.org\/{rel}","templated":true}]}}