{"id":95870,"date":"2022-12-08T18:03:42","date_gmt":"2022-12-08T21:03:42","guid":{"rendered":"https:\/\/primicias2262.com\/?p=95870"},"modified":"2022-12-08T18:03:42","modified_gmt":"2022-12-08T21:03:42","slug":"fomentar-empleo-nueva-herramienta-del-ministerio-de-trabajo-para-desocupados","status":"publish","type":"post","link":"https:\/\/primicias2262.com\/noticias\/fomentar-empleo-nueva-herramienta-del-ministerio-de-trabajo-para-desocupados\/","title":{"rendered":"\u00abFomentar Empleo\u00bb: nueva herramienta del Ministerio de Trabajo para desocupados"},"content":{"rendered":"<p>El dirigente peronista Roberto G\u00f3mez sostuvo que \u00abes evidente la dificultad que significa salir a buscar trabajo en un distrito donde hay otras prioridades\u00bb ya que \u00abno se nota desde el Ejecutivo municipal ni desde el Concejo Deliberante que haya una preocupaci\u00f3n sobre este tema que afecta, m\u00e1s que nada, a los j\u00f3venes que buscan el primer empleo\u00bb.<\/p>\n<p>\u00abTeniendo en cuenta esto, y viendo que no se bajan a territorio determinadas pol\u00edticas que hay a nivel nacional y provincial, es que nos pusimos a trabajar con gente del Ministerio de Trabajo de la Naci\u00f3n para difundir y tratar de explicar, hacer m\u00e1s sencillo, un programa que sali\u00f3 hace ya algunos meses atr\u00e1s y que se llama Fomentar Empleo\u00bb, puntualiz\u00f3.<\/p>\n<p>Explic\u00f3 que \u00abeste programa es muy distinto, porque tiene tres aristas fundamentales: por un lado, la capacitaci\u00f3n, te pod\u00e9s inscribir a trav\u00e9s de la p\u00e1gina del Ministerio y eleg\u00eds dentro de un listado de opciones que hay; por otro lado, se carga el curr\u00edculum y, de ser elegido o cumplir con los requisitos, el Estado les abona un subsidio de 15 mil pesos mensuales durante lo que dure esa capacitaci\u00f3n\u00bb.<\/p>\n<p>\u00abEl tercer elemento, que es el m\u00e1s importante para nosotros, es el de inscribirse en una plataforma en la que no solo figuran las personas que buscan trabajo, sino que tambi\u00e9n se articula con empleadores que necesitan personal y que si eligen dentro de ese listado al que ellos pueden acceder el Estado nacional les baja en un porcentaje bastante significativo de los aportes patronales durante varios meses\u00bb, manifest\u00f3.<\/p>\n<p>En ese sentido, destac\u00f3 que \u00abesto lo tendr\u00eda que estar haciendo la Oficina de Empleo del municipio, los concejales, los dirigentes nuestros del Frente de Todos pero lmentablemente, en nuestro distrito no lo est\u00e1 haciendo nadie, somos nosotros los primeros\u00bb.<\/p>\n<p>Por \u00faltimo dijo que \u00abojal\u00e1 que el resto escuche e imite y\u00a0 empiecen a abrir las unidades b\u00e1sicas, muchas de las cuales est\u00e1n cerradas, para poner a disposici\u00f3n no solo esta herramienta, sino un mont\u00f3n que est\u00e1n a disposici\u00f3n, que tienen que ver con el turismo, con tr\u00e1mites en el Banco Provincia o Arba, tr\u00e1mites de DNI, tratamientos oftalmol\u00f3gicos, un mont\u00f3n de cosas de Naci\u00f3n y Provincia que est\u00e1n y que lamentablemente no llegan a nuestro distrito\u00bb.<\/p>\n<p>Para registrarse, asesorar y acompa\u00f1ar sobre esta herramienta, la Unidad B\u00e1sica \u201cPresidente N\u00e9stor Kirchner\u201d que lidera el dirigente Roberto G\u00f3mez, en la esquina de calles 56 y 61, organiza jornadas a las que hay que acercarse con el curr\u00edculum vitae y una fotocopia del DNI.<\/p>\n","protected":false},"excerpt":{"rendered":"<p>El dirigente peronista Roberto G\u00f3mez sostuvo que \u00abes evidente la dificultad que significa salir a buscar trabajo en un distrito donde hay otras prioridades\u00bb ya que \u00abno se nota desde el Ejecutivo municipal ni desde el Concejo Deliberante que haya una preocupaci\u00f3n sobre este tema que afecta, m\u00e1s que nada, a los j\u00f3venes que buscan [&hellip;]<\/p>\n","protected":false},"author":3,"featured_media":95871,"comment_status":"closed","ping_status":"closed","sticky":false,"template":"","format":"standard","meta":{"footnotes":""},"categories":[3],"tags":[],"class_list":["post-95870","post","type-post","status-publish","format-standard","has-post-thumbnail","category-masnoticias"],"_links":{"self":[{"href":"https:\/\/primicias2262.com\/noticias\/wp-json\/wp\/v2\/posts\/95870","targetHints":{"allow":["GET"]}}],"collection":[{"href":"https:\/\/primicias2262.com\/noticias\/wp-json\/wp\/v2\/posts"}],"about":[{"href":"https:\/\/primicias2262.com\/noticias\/wp-json\/wp\/v2\/types\/post"}],"author":[{"embeddable":true,"href":"https:\/\/primicias2262.com\/noticias\/wp-json\/wp\/v2\/users\/3"}],"replies":[{"embeddable":true,"href":"https:\/\/primicias2262.com\/noticias\/wp-json\/wp\/v2\/comments?post=95870"}],"version-history":[{"count":0,"href":"https:\/\/primicias2262.com\/noticias\/wp-json\/wp\/v2\/posts\/95870\/revisions"}],"wp:attachment":[{"href":"https:\/\/primicias2262.com\/noticias\/wp-json\/wp\/v2\/media?parent=95870"}],"wp:term":[{"taxonomy":"category","embeddable":true,"href":"https:\/\/primicias2262.com\/noticias\/wp-json\/wp\/v2\/categories?post=95870"},{"taxonomy":"post_tag","embeddable":true,"href":"https:\/\/primicias2262.com\/noticias\/wp-json\/wp\/v2\/tags?post=95870"}],"curies":[{"name":"wp","href":"https:\/\/api.w.org\/{rel}","templated":true}]}}