{"id":95873,"date":"2022-12-08T18:22:43","date_gmt":"2022-12-08T21:22:43","guid":{"rendered":"https:\/\/primicias2262.com\/?p=95873"},"modified":"2022-12-08T18:22:43","modified_gmt":"2022-12-08T21:22:43","slug":"destacada-labor-de-jose-fernandez-guerrero-en-el-cruce-de-los-andes","status":"publish","type":"post","link":"https:\/\/primicias2262.com\/noticias\/destacada-labor-de-jose-fernandez-guerrero-en-el-cruce-de-los-andes\/","title":{"rendered":"Destacada labor de Jos\u00e9 Fern\u00e1ndez Guerrero en el \u00abCruce de los Andes\u00bb"},"content":{"rendered":"<p>Una destacada labor cumpli\u00f3 el atleta necochense Jos\u00e9 Fern\u00e1ndez Guerrero en el \u00abCruce de los Andes\u00bb, una de las competencias de aventura m\u00e1s importante de Sudam\u00e9rica, al finalizar 8\u00b0 en la clasificaci\u00f3n general y 6\u00b0 en su categor\u00eda.<\/p>\n<p>En di\u00e1logo con Primicias 2262, el atleta de elite reconoci\u00f3 que \u00abfue una de las pruebas m\u00e1s duras que corr\u00ed en mi vida\u00bb y ampli\u00f3 diciendo que la prueba dur\u00f3 tres d\u00edas y que se larg\u00f3 en Villa La Angostura.<\/p>\n<p>Asimismo destac\u00f3 que participaron atletas de m\u00e1s de 37 pa\u00edses entre brasile\u00f1os, uruguayos, chilenos, ecuatorianos, belgas, espa\u00f1oles, jamaiquinos, canadienses y\u00a0 estadounidenses, entre otros, por lo que puntualiz\u00f3 que \u00abestoy feliz de haber estado en los primeros planos y representando a la ciudad\u00bb.<\/p>\n<p>&nbsp;<\/p>\n","protected":false},"excerpt":{"rendered":"<p>Una destacada labor cumpli\u00f3 el atleta necochense Jos\u00e9 Fern\u00e1ndez Guerrero en el \u00abCruce de los Andes\u00bb, una de las competencias de aventura m\u00e1s importante de Sudam\u00e9rica, al finalizar 8\u00b0 en la clasificaci\u00f3n general y 6\u00b0 en su categor\u00eda. En di\u00e1logo con Primicias 2262, el atleta de elite reconoci\u00f3 que \u00abfue una de las pruebas m\u00e1s [&hellip;]<\/p>\n","protected":false},"author":3,"featured_media":95874,"comment_status":"closed","ping_status":"closed","sticky":false,"template":"","format":"standard","meta":{"footnotes":""},"categories":[3],"tags":[],"class_list":["post-95873","post","type-post","status-publish","format-standard","has-post-thumbnail","category-masnoticias"],"_links":{"self":[{"href":"https:\/\/primicias2262.com\/noticias\/wp-json\/wp\/v2\/posts\/95873","targetHints":{"allow":["GET"]}}],"collection":[{"href":"https:\/\/primicias2262.com\/noticias\/wp-json\/wp\/v2\/posts"}],"about":[{"href":"https:\/\/primicias2262.com\/noticias\/wp-json\/wp\/v2\/types\/post"}],"author":[{"embeddable":true,"href":"https:\/\/primicias2262.com\/noticias\/wp-json\/wp\/v2\/users\/3"}],"replies":[{"embeddable":true,"href":"https:\/\/primicias2262.com\/noticias\/wp-json\/wp\/v2\/comments?post=95873"}],"version-history":[{"count":0,"href":"https:\/\/primicias2262.com\/noticias\/wp-json\/wp\/v2\/posts\/95873\/revisions"}],"wp:attachment":[{"href":"https:\/\/primicias2262.com\/noticias\/wp-json\/wp\/v2\/media?parent=95873"}],"wp:term":[{"taxonomy":"category","embeddable":true,"href":"https:\/\/primicias2262.com\/noticias\/wp-json\/wp\/v2\/categories?post=95873"},{"taxonomy":"post_tag","embeddable":true,"href":"https:\/\/primicias2262.com\/noticias\/wp-json\/wp\/v2\/tags?post=95873"}],"curies":[{"name":"wp","href":"https:\/\/api.w.org\/{rel}","templated":true}]}}