{"id":95876,"date":"2022-12-08T18:28:48","date_gmt":"2022-12-08T21:28:48","guid":{"rendered":"https:\/\/primicias2262.com\/?p=95876"},"modified":"2022-12-08T18:28:48","modified_gmt":"2022-12-08T21:28:48","slug":"en-el-samaritano-hicieron-un-balance-excelente-de-ano-y-buscan-crecer-en-2023","status":"publish","type":"post","link":"https:\/\/primicias2262.com\/noticias\/en-el-samaritano-hicieron-un-balance-excelente-de-ano-y-buscan-crecer-en-2023\/","title":{"rendered":"En \u201cEl Samaritano\u201d hicieron un balance \u201cexcelente de a\u00f1o\u201d y buscan crecer en 2023"},"content":{"rendered":"<p>Cecilia Gamboa, del Hogar de Tr\u00e1nsito El Samaritano, en 65 entre 64 y 66, visit\u00f3 los estudios de \u201cVoces de la Ciudad\u201d y dialog\u00f3 sobre el muy buen 2022 que tuvieron en materia de inauguraci\u00f3n edilicia y dictado de talleres.<\/p>\n<p>Ante la consulta del periodista Jorge G\u00f3mez, una de las responsables cuyo hogar de tr\u00e1nsito se inaugur\u00f3 este a\u00f1o asegur\u00f3 que \u201ces excelente el balance de a\u00f1o, estamos muy felices y terminamos con los 20 talleres que se dieron, 19 para la tercera edad m\u00e1s el de inclusi\u00f3n que es de Lengua de Se\u00f1as, e hicimos un cierre en el Teatro Municipal donde tuvimos m\u00e1s de 300 personas, mucho acompa\u00f1amiento de familiares\u201d.<\/p>\n<p>\u201cEl principal motivo de inaugurar era alojar gente que est\u00e9 de paso por necesidades de salud o trabajo y ya el a\u00f1o que viene cada evento que se haga va destinado a seguir ampliando la obra de planta alta de cara al albergue transitorio de personas de la tercera edad\u201d, se\u00f1al\u00f3.<\/p>\n<p>La referente comunitaria destac\u00f3 que \u201cvan a hacer 23 a\u00f1os que estamos en esto y la gente se sigue acercando. Tenemos talleres de zumba, yoga, de tomar la presi\u00f3n, y dem\u00e1s, y el de Lengua de se\u00f1as es el m\u00e1s solicitado, tenemos dos profesoras sordas a trav\u00e9s de Promover Empleo\u201d.<\/p>\n<p>Aclarando que \u201csi bien ahora cerramos hasta la \u00faltima semana de febrero, all\u00ed iniciaremos con la inscripci\u00f3n para los nuevos talleres de 2023, con vistas a tener algunos m\u00e1s\u201d.<\/p>\n<p>\u201cLo que hacemos, lo hacemos de coraz\u00f3n y articulamos con todas las parroquias. Escuchando la devoluci\u00f3n de los alumnos, que est\u00e1n felices por el encuentro con el otro, por c\u00f3mo los recibimos y por compartir las historias, concluimos que es un a\u00f1o muy positivo\u201d, reafirm\u00f3 Gamboa finalmente.<\/p>\n","protected":false},"excerpt":{"rendered":"<p>Cecilia Gamboa, del Hogar de Tr\u00e1nsito El Samaritano, en 65 entre 64 y 66, visit\u00f3 los estudios de \u201cVoces de la Ciudad\u201d y dialog\u00f3 sobre el muy buen 2022 que tuvieron en materia de inauguraci\u00f3n edilicia y dictado de talleres. Ante la consulta del periodista Jorge G\u00f3mez, una de las responsables cuyo hogar de tr\u00e1nsito [&hellip;]<\/p>\n","protected":false},"author":3,"featured_media":91381,"comment_status":"closed","ping_status":"closed","sticky":false,"template":"","format":"standard","meta":{"footnotes":""},"categories":[3],"tags":[],"class_list":["post-95876","post","type-post","status-publish","format-standard","has-post-thumbnail","category-masnoticias"],"_links":{"self":[{"href":"https:\/\/primicias2262.com\/noticias\/wp-json\/wp\/v2\/posts\/95876","targetHints":{"allow":["GET"]}}],"collection":[{"href":"https:\/\/primicias2262.com\/noticias\/wp-json\/wp\/v2\/posts"}],"about":[{"href":"https:\/\/primicias2262.com\/noticias\/wp-json\/wp\/v2\/types\/post"}],"author":[{"embeddable":true,"href":"https:\/\/primicias2262.com\/noticias\/wp-json\/wp\/v2\/users\/3"}],"replies":[{"embeddable":true,"href":"https:\/\/primicias2262.com\/noticias\/wp-json\/wp\/v2\/comments?post=95876"}],"version-history":[{"count":0,"href":"https:\/\/primicias2262.com\/noticias\/wp-json\/wp\/v2\/posts\/95876\/revisions"}],"wp:attachment":[{"href":"https:\/\/primicias2262.com\/noticias\/wp-json\/wp\/v2\/media?parent=95876"}],"wp:term":[{"taxonomy":"category","embeddable":true,"href":"https:\/\/primicias2262.com\/noticias\/wp-json\/wp\/v2\/categories?post=95876"},{"taxonomy":"post_tag","embeddable":true,"href":"https:\/\/primicias2262.com\/noticias\/wp-json\/wp\/v2\/tags?post=95876"}],"curies":[{"name":"wp","href":"https:\/\/api.w.org\/{rel}","templated":true}]}}