{"id":95879,"date":"2022-12-09T15:34:12","date_gmt":"2022-12-09T18:34:12","guid":{"rendered":"https:\/\/primicias2262.com\/?p=95879"},"modified":"2022-12-09T15:34:12","modified_gmt":"2022-12-09T18:34:12","slug":"balance-positivo-de-ano-para-la-cruz-roja-local-con-muchas-actividades-y-casi-80-voluntarios","status":"publish","type":"post","link":"https:\/\/primicias2262.com\/noticias\/balance-positivo-de-ano-para-la-cruz-roja-local-con-muchas-actividades-y-casi-80-voluntarios\/","title":{"rendered":"Balance positivo de a\u00f1o para la Cruz Roja local con muchas actividades y casi 80 voluntarios"},"content":{"rendered":"<p style=\"font-weight: 400;\"><strong>En los estudios de \u201cVoces de la Ciudad\u201d, la coordinadora de la filial Necochea de Cruz Roja Argentina, Bianca Steffen, dialog\u00f3 con el periodista Jorge G\u00f3mez y asegur\u00f3 que para la instituci\u00f3n \u201cel balance de este a\u00f1o es sumamente positivo\u201d.<\/strong><\/p>\n<p style=\"font-weight: 400;\">Relat\u00f3 al respecto que \u201carrancamos el a\u00f1o con mucho movimiento con las jornadas de testeos masivos el 31 de diciembre al 5 de enero, es decir que arranc\u00f3 muy movido pero a su vez reestructur\u00e1ndonos porque volvimos a nuestras actividades normales que hab\u00edan estado frenadas durante dos a\u00f1os por la pandemia\u201d.<\/p>\n<p style=\"font-weight: 400;\">\u201cAs\u00ed que reabrimos los cursos en la filial, capacitaciones en las empresas, volvieron todos los eventos deportivos y culturales y ah\u00ed estuvimos brindando auxilios, hemos estado con muchas actividades y muy presentes\u201d, acot\u00f3.<\/p>\n<p style=\"font-weight: 400;\">En cuanto a la temporada que se avecina, Steffen asegur\u00f3 que \u201cvamos a estar prestos a cualquier situaci\u00f3n que pueda ocurrir durante el verano, ya sea alg\u00fan tipo de incendio por el calor que se espera, con todo el voluntariado estaremos a disposici\u00f3n\u201d, y de hecho confirm\u00f3 que \u201ceste fin de semana largo estaremos en Quequ\u00e9n y en el Parque Miguel Lillo prestando servicios para la Inauguraci\u00f3n de la temporada. En todos los eventos culturales que podamos estar y seamos convocados ah\u00ed estaremos\u201d.<\/p>\n<p style=\"font-weight: 400;\">\u201cSomos cerca de 80 voluntarios en la actualidad, es un mont\u00f3n y el objetivo de este a\u00f1o fue seguir creciendo mes a mes, invitamos a toda la comunidad a sumarse y este a\u00f1o se han sumado unos 25 voluntarios que ya son parte de la organizaci\u00f3n, lo que nos permite seguir haciendo actividades \u00a0y estar en mucho m\u00e1s lugares a la vez\u201d, subray\u00f3 la coordinadora.<\/p>\n<p style=\"font-weight: 400;\">Record\u00f3 al instante que est\u00e1n de lunes a viernes en la sede de calle 57 casi 64, de 10 a 14 hs., \u201cy tenemos Instagram y Facebook donde nos pueden hacer cualquier consulta. Aunque estamos prestos a cualquier hora, atentos al llamado de Defensa Civil para acompa\u00f1arlos en lo que necesiten\u201d, manifest\u00f3.<\/p>\n<p style=\"font-weight: 400;\">Finalmente, Bianca valor\u00f3 alegrmente que \u201ccada vez se nota el reconocimiento de la sociedad con la Cruz Roja, con el pasar de los a\u00f1os se fue conociendo nuestro rol en la ciudad y eso es muy importante, que sepan para qu\u00e9 estamos, y se siente el cari\u00f1o de la gente\u201d.<\/p>\n","protected":false},"excerpt":{"rendered":"<p>En los estudios de \u201cVoces de la Ciudad\u201d, la coordinadora de la filial Necochea de Cruz Roja Argentina, Bianca Steffen, dialog\u00f3 con el periodista Jorge G\u00f3mez y asegur\u00f3 que para la instituci\u00f3n \u201cel balance de este a\u00f1o es sumamente positivo\u201d. Relat\u00f3 al respecto que \u201carrancamos el a\u00f1o con mucho movimiento con las jornadas de testeos [&hellip;]<\/p>\n","protected":false},"author":3,"featured_media":95883,"comment_status":"closed","ping_status":"closed","sticky":false,"template":"","format":"standard","meta":{"footnotes":""},"categories":[3],"tags":[],"class_list":["post-95879","post","type-post","status-publish","format-standard","has-post-thumbnail","category-masnoticias"],"_links":{"self":[{"href":"https:\/\/primicias2262.com\/noticias\/wp-json\/wp\/v2\/posts\/95879","targetHints":{"allow":["GET"]}}],"collection":[{"href":"https:\/\/primicias2262.com\/noticias\/wp-json\/wp\/v2\/posts"}],"about":[{"href":"https:\/\/primicias2262.com\/noticias\/wp-json\/wp\/v2\/types\/post"}],"author":[{"embeddable":true,"href":"https:\/\/primicias2262.com\/noticias\/wp-json\/wp\/v2\/users\/3"}],"replies":[{"embeddable":true,"href":"https:\/\/primicias2262.com\/noticias\/wp-json\/wp\/v2\/comments?post=95879"}],"version-history":[{"count":0,"href":"https:\/\/primicias2262.com\/noticias\/wp-json\/wp\/v2\/posts\/95879\/revisions"}],"wp:attachment":[{"href":"https:\/\/primicias2262.com\/noticias\/wp-json\/wp\/v2\/media?parent=95879"}],"wp:term":[{"taxonomy":"category","embeddable":true,"href":"https:\/\/primicias2262.com\/noticias\/wp-json\/wp\/v2\/categories?post=95879"},{"taxonomy":"post_tag","embeddable":true,"href":"https:\/\/primicias2262.com\/noticias\/wp-json\/wp\/v2\/tags?post=95879"}],"curies":[{"name":"wp","href":"https:\/\/api.w.org\/{rel}","templated":true}]}}