{"id":95897,"date":"2022-12-08T19:02:31","date_gmt":"2022-12-08T22:02:31","guid":{"rendered":"https:\/\/primicias2262.com\/?p=95897"},"modified":"2022-12-08T19:02:31","modified_gmt":"2022-12-08T22:02:31","slug":"nuevo-acto-de-colacion-de-grado-en-el-instituto-rio-quequen","status":"publish","type":"post","link":"https:\/\/primicias2262.com\/noticias\/nuevo-acto-de-colacion-de-grado-en-el-instituto-rio-quequen\/","title":{"rendered":"Nuevo acto de colaci\u00f3n de grado en el Instituto R\u00edo Quequ\u00e9n"},"content":{"rendered":"<p>El Instituto de Estudios Superiores R\u00edo Quequ\u00e9n inform\u00f3 que el pr\u00f3ximo viernes 16 de diciembre se realizar\u00e1 el acto de colaci\u00f3n de grado de las Tecnicaturas Superiores en Radiolog\u00eda, Instrumentaci\u00f3n Quir\u00fargica y Enfermer\u00eda.<\/p>\n<p>La ceremonia comenzar\u00e1 a las 19 y tendr\u00e1 lugar en el sal\u00f3n Alfa de la instituci\u00f3n, ubicada en 58 N\u00b0 2477.<\/p>\n<p>&nbsp;<\/p>\n","protected":false},"excerpt":{"rendered":"<p>El Instituto de Estudios Superiores R\u00edo Quequ\u00e9n inform\u00f3 que el pr\u00f3ximo viernes 16 de diciembre se realizar\u00e1 el acto de colaci\u00f3n de grado de las Tecnicaturas Superiores en Radiolog\u00eda, Instrumentaci\u00f3n Quir\u00fargica y Enfermer\u00eda. La ceremonia comenzar\u00e1 a las 19 y tendr\u00e1 lugar en el sal\u00f3n Alfa de la instituci\u00f3n, ubicada en 58 N\u00b0 2477. &nbsp;<\/p>\n","protected":false},"author":3,"featured_media":95899,"comment_status":"closed","ping_status":"closed","sticky":false,"template":"","format":"standard","meta":{"footnotes":""},"categories":[3],"tags":[],"class_list":["post-95897","post","type-post","status-publish","format-standard","has-post-thumbnail","category-masnoticias"],"_links":{"self":[{"href":"https:\/\/primicias2262.com\/noticias\/wp-json\/wp\/v2\/posts\/95897","targetHints":{"allow":["GET"]}}],"collection":[{"href":"https:\/\/primicias2262.com\/noticias\/wp-json\/wp\/v2\/posts"}],"about":[{"href":"https:\/\/primicias2262.com\/noticias\/wp-json\/wp\/v2\/types\/post"}],"author":[{"embeddable":true,"href":"https:\/\/primicias2262.com\/noticias\/wp-json\/wp\/v2\/users\/3"}],"replies":[{"embeddable":true,"href":"https:\/\/primicias2262.com\/noticias\/wp-json\/wp\/v2\/comments?post=95897"}],"version-history":[{"count":0,"href":"https:\/\/primicias2262.com\/noticias\/wp-json\/wp\/v2\/posts\/95897\/revisions"}],"wp:attachment":[{"href":"https:\/\/primicias2262.com\/noticias\/wp-json\/wp\/v2\/media?parent=95897"}],"wp:term":[{"taxonomy":"category","embeddable":true,"href":"https:\/\/primicias2262.com\/noticias\/wp-json\/wp\/v2\/categories?post=95897"},{"taxonomy":"post_tag","embeddable":true,"href":"https:\/\/primicias2262.com\/noticias\/wp-json\/wp\/v2\/tags?post=95897"}],"curies":[{"name":"wp","href":"https:\/\/api.w.org\/{rel}","templated":true}]}}