{"id":95914,"date":"2022-12-10T11:46:32","date_gmt":"2022-12-10T14:46:32","guid":{"rendered":"https:\/\/primicias2262.com\/?p=95914"},"modified":"2022-12-10T11:46:32","modified_gmt":"2022-12-10T14:46:32","slug":"se-inauguro-la-temporada-de-verano-por-primera-vez-en-quequen-y-el-fin-de-semana-sigue-en-necochea","status":"publish","type":"post","link":"https:\/\/primicias2262.com\/noticias\/se-inauguro-la-temporada-de-verano-por-primera-vez-en-quequen-y-el-fin-de-semana-sigue-en-necochea\/","title":{"rendered":"Se inaugur\u00f3 la Temporada de Verano por primera vez en Quequ\u00e9n y el fin de semana sigue en Necochea"},"content":{"rendered":"<p>Con un notable respaldo de vecinos y turistas presentes en este fin de semana extra largo, el municipio abri\u00f3 la Temporada de Verano 2022-23 por primera vez en Quequ\u00e9n, algo in\u00e9dito hasta el momento en el distrito, oportunidad en la que se luci\u00f3 el reconocido DJ Alan G\u00f3mez con su variada m\u00fasica remixada entre cumbia y reggaet\u00f3n\u00a0y que es furor para los m\u00e1s j\u00f3venes en las plataformas digitales, sobre todo en Spotify donde acumula arriba de 5 millones de reproducciones mensuales.<\/p>\n<p>En el contexto de esta inauguraci\u00f3n enmarcada en una jornada que se fue tornando fresca desarrollada sobre la Avenida 502, m\u00e1s precisamente sobre el letrero que lleva el nombre de la vecina ciudad, se dio inicio el acto de apertura, donde se realiz\u00f3 la trascendental invocaci\u00f3n religiosa y el corte de cintas, acci\u00f3n a cargo del intendente Arturo Rojas, el delegado Mario Wilgenhoff y el secretario de Turismo y Desarrollo Productivo, Mat\u00edas Sierra.<\/p>\n<p><a href=\"https:\/\/primicias2262.com\/wp-content\/uploads\/2022\/12\/FOTO-inauguracion-temporada1.jpg\"><img loading=\"lazy\" decoding=\"async\" class=\"aligncenter size-large wp-image-95916\" src=\"https:\/\/primicias2262.com\/wp-content\/uploads\/2022\/12\/FOTO-inauguracion-temporada1-1024x682.jpg\" alt=\"\" width=\"696\" height=\"464\" \/><\/a><\/p>\n<p>\u201cTenemos las mejores expectativas de cara a esta temporada que se abre hoy\u201d admiti\u00f3 luego el jefe comunal, para a\u00f1adir que el objetivo es que la que comienza \u201cpueda superar la pasada que fue muy buena, teniendo en cuenta que eso genera muchos puestos de trabajo\u201d.<\/p>\n<p>Asimismo, revel\u00f3 que \u201cahora mismo tenemos, en algunos casos, hasta un 85 % de ocupaci\u00f3n, por eso para lo que viene las expectativas son las mejores\u201d.<\/p>\n<p><strong>F\u00e1tima Fl\u00f3rez y Miranda! en el Parque Miguel Lillo<\/strong><\/p>\n<p>La Inauguraci\u00f3n de la Temporada contin\u00faa este s\u00e1bado en el Festival\u00f3dromo de Necochea, con la presencia estelar de la humorista e imitadora, F\u00e1tima Fl\u00f3rez; y este domingo con el show central del reconocido grupo musical Miranda!.<\/p>\n\n","protected":false},"excerpt":{"rendered":"<p>Con un notable respaldo de vecinos y turistas presentes en este fin de semana extra largo, el municipio abri\u00f3 la Temporada de Verano 2022-23 por primera vez en Quequ\u00e9n, algo in\u00e9dito hasta el momento en el distrito, oportunidad en la que se luci\u00f3 el reconocido DJ Alan G\u00f3mez con su variada m\u00fasica remixada entre cumbia [&hellip;]<\/p>\n","protected":false},"author":3,"featured_media":95915,"comment_status":"closed","ping_status":"closed","sticky":false,"template":"","format":"standard","meta":{"footnotes":""},"categories":[3],"tags":[],"class_list":["post-95914","post","type-post","status-publish","format-standard","has-post-thumbnail","category-masnoticias"],"_links":{"self":[{"href":"https:\/\/primicias2262.com\/noticias\/wp-json\/wp\/v2\/posts\/95914","targetHints":{"allow":["GET"]}}],"collection":[{"href":"https:\/\/primicias2262.com\/noticias\/wp-json\/wp\/v2\/posts"}],"about":[{"href":"https:\/\/primicias2262.com\/noticias\/wp-json\/wp\/v2\/types\/post"}],"author":[{"embeddable":true,"href":"https:\/\/primicias2262.com\/noticias\/wp-json\/wp\/v2\/users\/3"}],"replies":[{"embeddable":true,"href":"https:\/\/primicias2262.com\/noticias\/wp-json\/wp\/v2\/comments?post=95914"}],"version-history":[{"count":0,"href":"https:\/\/primicias2262.com\/noticias\/wp-json\/wp\/v2\/posts\/95914\/revisions"}],"wp:attachment":[{"href":"https:\/\/primicias2262.com\/noticias\/wp-json\/wp\/v2\/media?parent=95914"}],"wp:term":[{"taxonomy":"category","embeddable":true,"href":"https:\/\/primicias2262.com\/noticias\/wp-json\/wp\/v2\/categories?post=95914"},{"taxonomy":"post_tag","embeddable":true,"href":"https:\/\/primicias2262.com\/noticias\/wp-json\/wp\/v2\/tags?post=95914"}],"curies":[{"name":"wp","href":"https:\/\/api.w.org\/{rel}","templated":true}]}}