{"id":95926,"date":"2022-12-10T11:02:30","date_gmt":"2022-12-10T14:02:30","guid":{"rendered":"https:\/\/primicias2262.com\/?p=95926"},"modified":"2022-12-10T11:02:30","modified_gmt":"2022-12-10T14:02:30","slug":"la-sur-cup-de-futbol-congregara-a-mas-de-3-mil-chicos-la-semana-venidera","status":"publish","type":"post","link":"https:\/\/primicias2262.com\/noticias\/la-sur-cup-de-futbol-congregara-a-mas-de-3-mil-chicos-la-semana-venidera\/","title":{"rendered":"La Sur Cup de f\u00fatbol congregar\u00e1 a m\u00e1s de 3 mil chicos la semana venidera"},"content":{"rendered":"<p><strong>Esta semana presentaron oficialmente la Sur Cup 2022, evento de f\u00fatbol infantil que congregar\u00e1 a m\u00e1s de 3.000 chicos en Necochea y Quequ\u00e9n.<\/strong><\/p>\n<p>El torneo comenzar\u00e1 el 14 de diciembre, y se disputar\u00e1 en las canchas de Ministerio, Estaci\u00f3n Quequ\u00e9n, Defensores de Quequ\u00e9n, Villa D\u00edaz V\u00e9lez y Villa del Parque.<\/p>\n<p>Adem\u00e1s, este a\u00f1o contar\u00e1 con la presencia de Ariel Ortega, el \u00eddolo de River, quien el d\u00eda de la inauguraci\u00f3n realizar\u00e1 un partido exhibici\u00f3n, 19.30 en el Carlos Cuomo de Estaci\u00f3n Quequ\u00e9n.<\/p>\n<p>La Sur Cup viene creciendo en el a\u00f1o 2019 hubo 104 equipos, el a\u00f1o pasado la cifra lleg\u00f3 a 140 y hoy se va ha estar cerca de los 200.<\/p>\n<p>Esto conjuntos representan a 16 provincias, 55 ciudades y equipos de pa\u00edses vecinos como Per\u00fa, Bolivia, Chile y Panam\u00e1.<\/p>\n<p>M\u00e1s all\u00e1 del car\u00e1cter deportivo, tambi\u00e9n lo tiene la faz tur\u00edstica dado que las delegaciones se van a alojar en 43 hoteles que van a estar todos completos, m\u00e1s o menos en un 90% de la hoteler\u00eda de la ciudad y almorzar\u00e1n y cenar\u00e1n en cinco restaurantes .<\/p>\n<p><strong>Fuente: elciudadanonecochea.com.ar<\/strong><\/p>\n","protected":false},"excerpt":{"rendered":"<p>Esta semana presentaron oficialmente la Sur Cup 2022, evento de f\u00fatbol infantil que congregar\u00e1 a m\u00e1s de 3.000 chicos en Necochea y Quequ\u00e9n. El torneo comenzar\u00e1 el 14 de diciembre, y se disputar\u00e1 en las canchas de Ministerio, Estaci\u00f3n Quequ\u00e9n, Defensores de Quequ\u00e9n, Villa D\u00edaz V\u00e9lez y Villa del Parque. Adem\u00e1s, este a\u00f1o contar\u00e1 con [&hellip;]<\/p>\n","protected":false},"author":3,"featured_media":95927,"comment_status":"closed","ping_status":"closed","sticky":false,"template":"","format":"standard","meta":{"footnotes":""},"categories":[3],"tags":[],"class_list":["post-95926","post","type-post","status-publish","format-standard","has-post-thumbnail","category-masnoticias"],"_links":{"self":[{"href":"https:\/\/primicias2262.com\/noticias\/wp-json\/wp\/v2\/posts\/95926","targetHints":{"allow":["GET"]}}],"collection":[{"href":"https:\/\/primicias2262.com\/noticias\/wp-json\/wp\/v2\/posts"}],"about":[{"href":"https:\/\/primicias2262.com\/noticias\/wp-json\/wp\/v2\/types\/post"}],"author":[{"embeddable":true,"href":"https:\/\/primicias2262.com\/noticias\/wp-json\/wp\/v2\/users\/3"}],"replies":[{"embeddable":true,"href":"https:\/\/primicias2262.com\/noticias\/wp-json\/wp\/v2\/comments?post=95926"}],"version-history":[{"count":0,"href":"https:\/\/primicias2262.com\/noticias\/wp-json\/wp\/v2\/posts\/95926\/revisions"}],"wp:attachment":[{"href":"https:\/\/primicias2262.com\/noticias\/wp-json\/wp\/v2\/media?parent=95926"}],"wp:term":[{"taxonomy":"category","embeddable":true,"href":"https:\/\/primicias2262.com\/noticias\/wp-json\/wp\/v2\/categories?post=95926"},{"taxonomy":"post_tag","embeddable":true,"href":"https:\/\/primicias2262.com\/noticias\/wp-json\/wp\/v2\/tags?post=95926"}],"curies":[{"name":"wp","href":"https:\/\/api.w.org\/{rel}","templated":true}]}}