{"id":95929,"date":"2022-12-11T02:01:02","date_gmt":"2022-12-11T05:01:02","guid":{"rendered":"https:\/\/primicias2262.com\/?p=95929"},"modified":"2022-12-11T02:01:02","modified_gmt":"2022-12-11T05:01:02","slug":"fatima-florez-fue-la-gran-atraccion-de-la-segunda-noche-de-la-inauguracion-de-la-temporada","status":"publish","type":"post","link":"https:\/\/primicias2262.com\/noticias\/fatima-florez-fue-la-gran-atraccion-de-la-segunda-noche-de-la-inauguracion-de-la-temporada\/","title":{"rendered":"F\u00e1tima Fl\u00f3rez fue la gran atracci\u00f3n de la segunda noche de la Inauguraci\u00f3n de la Temporada"},"content":{"rendered":"<p><strong>En una noche como hac\u00eda varios a\u00f1os que no se ve\u00eda el Parque Miguel Lillo, la reconocida actriz e imitadora argentina, F\u00e1tima Fl\u00f3rez, le puso broche a la segunda jornada de la Inauguraci\u00f3n de la Temporada 2022\/23, que fue acompa\u00f1ada por una multitud en el Jard\u00edn Franc\u00e9s de 10 y 91.<\/strong><\/p>\n<p>Al instante de llegar al predio del Festival\u00f3dromo, y mientras se alistaba para su presentaci\u00f3n, F\u00e1tima recibi\u00f3 el saludo del intendente Arturo Rojas y brind\u00f3 una conferencia de prensa en camarines donde se la vio entusiasmada y muy contenta, al expresar primeramente que \u201cestoy muy feliz de estar nuevamente en Necochea, muy feliz en este s\u00faper lanzamiento de la temporada\u201d.<\/p>\n<p><a href=\"https:\/\/primicias2262.com\/wp-content\/uploads\/2022\/12\/FOTO-Fatima-Florez2.jpg\"><img loading=\"lazy\" decoding=\"async\" class=\"aligncenter size-large wp-image-95932\" src=\"https:\/\/primicias2262.com\/wp-content\/uploads\/2022\/12\/FOTO-Fatima-Florez2-1024x682.jpg\" alt=\"\" width=\"696\" height=\"464\" \/><\/a><\/p>\n<p>Seguidamente, cont\u00f3 que \u201cconozco la ciudad y cuando era chica veraneaba, hac\u00edamos Mar del Plata, Necochea, Miramar y toda la costa\u2026 amamos la costa atl\u00e1ntica y Necochea tiene unas playas incre\u00edbles, de las mejores\u201d.<\/p>\n<p>Quien lleva m\u00e1s de 20 a\u00f1os en el espect\u00e1culo nacional en diferentes facetas, incluso como conductora, asegur\u00f3 que \u201ca\u00f1o a a\u00f1o me sorprende la cantidad de p\u00fablico que nos sigue en la temporada y auguro que va a ser una muy linda temporada. La gente tiene ganas de pasarla bien y divertirse, hemos pasado momentos dif\u00edciles a nivel mundial y es sumamente saludable salir y divertirse, adem\u00e1s de re\u00edrse la gente tiene ganas de cantar y es lo que hacemos en el show\u201d.<\/p>\n\n<p>Acerca de lo que significa para ella abrir una temporada, reflexion\u00f3 que \u201cinaugurar es una palabra muy linda, es como un bautismo, como apertura de cosas lindas, es como que la rueda se empieza a mover y cuando venimos a Necochea o vamos a otro destino te agradecen restaurantes y hoteles porque se genera toda una ola\u2026 se genera trabajo que es lo que todo el mundo necesita y se genera felicidad\u201d.<\/p>\n<p>Antes de la presentaci\u00f3n de F\u00e1tima, la jornada en el Festival\u00f3dromo fue encabezada por el intendente Arturo Rojas, quien desde la tarde sigui\u00f3 atentamente las presentaciones de las bandas musicales locales Jarana y Los Borbotones, y luego junto a su familia la de la mencionada F\u00e1tima Fl\u00f3rez, a quien salud\u00f3 antes de que la artista dialogara con la prensa y saltara al escenario para hacer un cierre con su gama de personajes.<\/p>\n<p><a href=\"https:\/\/primicias2262.com\/wp-content\/uploads\/2022\/12\/FOTO-Fatima-Florez-Intendente-Rojas-Flia.jpg\"><img loading=\"lazy\" decoding=\"async\" class=\"aligncenter size-large wp-image-95930\" src=\"https:\/\/primicias2262.com\/wp-content\/uploads\/2022\/12\/FOTO-Fatima-Florez-Intendente-Rojas-Flia-1024x682.jpg\" alt=\"\" width=\"696\" height=\"464\" \/><\/a><\/p>\n<p>Justo despu\u00e9s de la presentaci\u00f3n de Los Borbotones y antes de F\u00e1tima, se realiz\u00f3 el corte de cintas para inaugurar la temporada en Necochea, donde Rojas fue acompa\u00f1ado por el secretario de Turismo, Mat\u00edas Sierra; y el cura cat\u00f3lico Maximiliano Fr\u00edas, encargado de la bendici\u00f3n.<\/p>\n<p>Acto seguido, el Intendente agradeci\u00f3 a todo su equipo de trabajo, a los artistas locales y a las instituciones privadas que colaboran, para se\u00f1alar que \u201ces muy importante para recibir a los primeros turistas, a quienes les damos las gracias por elegir a nuestra ciudad, una ciudad que tiene de todo, siempre digo que hay muchas localidades que tienen playas, pero como las que tenemos nosotros muy pocas\u201d.<\/p>\n<p><a href=\"https:\/\/primicias2262.com\/wp-content\/uploads\/2022\/12\/FOTO-Inauguracion-Temporada-Parque.jpg\"><img loading=\"lazy\" decoding=\"async\" class=\"aligncenter size-large wp-image-95936\" src=\"https:\/\/primicias2262.com\/wp-content\/uploads\/2022\/12\/FOTO-Inauguracion-Temporada-Parque-1024x682.jpg\" alt=\"\" width=\"696\" height=\"464\" \/><\/a><\/p>\n<p>No obstante, Rojas se\u00f1al\u00f3 que \u201cinvito a los turistas, tanto a los que vinieron por primera vez como los que ya han venido en otras temporadas, a que hagan los diferentes circuitos tur\u00edsticos que tenemos, uno de ellos es el sector de la Ribera, las escolleras Norte y Sur, Puerto Gardella, Las Cascadas con una Estaci\u00f3n de Piscicultura absolutamente renovada con mucho esfuerzo\u201d, e igualmente \u201clo que tiene que ver con nuestro parque, que es hermoso para disfrutarlo en familia con las costas de Quequ\u00e9n hasta Costa Bonita\u00a0 y lo mismo en Necochea, desde la playa de los patos hasta el Balneario Los \u00c1ngeles, pasando por las Termas del Campo y un m\u00e9dano espectacular como es el M\u00e9dano Blanco\u201d.<\/p>\n<p>Adem\u00e1s, afirm\u00f3 que \u201ceste tipo de eventos se tiene que seguir replicando, a medida que vayamos pudiendo desde el Estado Municipal en conjunto con los sectores privados lo seguiremos haciendo porque los turistas tienen que tener eventos de calidad, pero tambi\u00e9n los vecinos de Necochea, Quequ\u00e9n y del interior se merecen que tengamos espect\u00e1culos del nivel que tenemos hoy\u201d, y cerr\u00f3 anhelando que \u201cdisfrutemos de esta hermosa Necochea y de esta hermosa temporada, que nos d\u00e9 trabajo, que nos d\u00e9 bendiciones y que sea la mejor de las temporadas\u201d.<\/p>\n","protected":false},"excerpt":{"rendered":"<p>En una noche como hac\u00eda varios a\u00f1os que no se ve\u00eda el Parque Miguel Lillo, la reconocida actriz e imitadora argentina, F\u00e1tima Fl\u00f3rez, le puso broche a la segunda jornada de la Inauguraci\u00f3n de la Temporada 2022\/23, que fue acompa\u00f1ada por una multitud en el Jard\u00edn Franc\u00e9s de 10 y 91. Al instante de llegar [&hellip;]<\/p>\n","protected":false},"author":3,"featured_media":95934,"comment_status":"closed","ping_status":"closed","sticky":false,"template":"","format":"standard","meta":{"footnotes":""},"categories":[3],"tags":[],"class_list":["post-95929","post","type-post","status-publish","format-standard","has-post-thumbnail","category-masnoticias"],"_links":{"self":[{"href":"https:\/\/primicias2262.com\/noticias\/wp-json\/wp\/v2\/posts\/95929","targetHints":{"allow":["GET"]}}],"collection":[{"href":"https:\/\/primicias2262.com\/noticias\/wp-json\/wp\/v2\/posts"}],"about":[{"href":"https:\/\/primicias2262.com\/noticias\/wp-json\/wp\/v2\/types\/post"}],"author":[{"embeddable":true,"href":"https:\/\/primicias2262.com\/noticias\/wp-json\/wp\/v2\/users\/3"}],"replies":[{"embeddable":true,"href":"https:\/\/primicias2262.com\/noticias\/wp-json\/wp\/v2\/comments?post=95929"}],"version-history":[{"count":0,"href":"https:\/\/primicias2262.com\/noticias\/wp-json\/wp\/v2\/posts\/95929\/revisions"}],"wp:attachment":[{"href":"https:\/\/primicias2262.com\/noticias\/wp-json\/wp\/v2\/media?parent=95929"}],"wp:term":[{"taxonomy":"category","embeddable":true,"href":"https:\/\/primicias2262.com\/noticias\/wp-json\/wp\/v2\/categories?post=95929"},{"taxonomy":"post_tag","embeddable":true,"href":"https:\/\/primicias2262.com\/noticias\/wp-json\/wp\/v2\/tags?post=95929"}],"curies":[{"name":"wp","href":"https:\/\/api.w.org\/{rel}","templated":true}]}}