{"id":95938,"date":"2022-12-11T14:00:53","date_gmt":"2022-12-11T17:00:53","guid":{"rendered":"https:\/\/primicias2262.com\/?p=95938"},"modified":"2022-12-11T14:00:53","modified_gmt":"2022-12-11T17:00:53","slug":"dieron-a-conocer-mas-ternas-y-ya-son-33-las-confirmadas-para-la-fiesta-del-deporte","status":"publish","type":"post","link":"https:\/\/primicias2262.com\/noticias\/dieron-a-conocer-mas-ternas-y-ya-son-33-las-confirmadas-para-la-fiesta-del-deporte\/","title":{"rendered":"Dieron a conocer m\u00e1s ternas y ya son 33 las confirmadas para la Fiesta del Deporte"},"content":{"rendered":"<p style=\"font-weight: 400;\"><strong>A la primera tanda de 20 ternas que dio a conocer el C\u00edrculo de Periodistas Deportivos de cara a la 23ra Gran Fiesta del Deporte \u201cJuan Alberto Poteca\u201d del venidero mi\u00e9rcoles 14 en el Sal\u00f3n de Fiestas del Club Del Valle, ahora se conocen los integrantes de otras 13 disciplinas que integrar\u00e1n ternas en el marco de la entrega de los Premios \u201cPuente Colgante\u201d.<\/strong><\/p>\n<p style=\"font-weight: 400;\"><strong>Automovilismo zonal:<\/strong>\u00a0Alejandro Cabrera; Andr\u00e9s Angeli y Federico Amezcua<\/p>\n<p style=\"font-weight: 400;\"><strong>Billar:<\/strong>\u00a0Manuel Racich; Rolando Aued y Mateo Zufriategui<\/p>\n<p style=\"font-weight: 400;\"><strong>Bochas:<\/strong>\u00a0Dar\u00edo Gonz\u00e1lez-Nicol\u00e1s \u00c1ngel (dupla); Leonardo Gonz\u00e1lez y Franco Pacheco<\/p>\n<p style=\"font-weight: 400;\"><strong>Canotaje:<\/strong>\u00a0Mat\u00edas Fontana; Manuel Tripano y Matilda Garijo<\/p>\n<p style=\"font-weight: 400;\"><strong>Ciclismo:<\/strong>\u00a0Claudio Mart\u00ednez; Gast\u00f3n Llanos y Roberto Mart\u00ednez<\/p>\n<p style=\"font-weight: 400;\"><strong>Deporte Adaptado:<\/strong>\u00a0Natal\u00ed Carrizo; Nicol\u00e1s Am\u00e9ndola y Anabella Hern\u00e1ndez<\/p>\n<p style=\"font-weight: 400;\"><strong>F\u00fatbol masculino:<\/strong>\u00a0Bruno Aguilera; Gabriel Darroquy y Fernando Montes<\/p>\n<p style=\"font-weight: 400;\"><strong>Golf:<\/strong>\u00a0Joaqu\u00edn Bussio; Gonzalo Gim\u00e9nez Quiroga y Josefina Serres<\/p>\n<p style=\"font-weight: 400;\"><strong>Pat\u00edn:<\/strong>\u00a0Kengi Far\u00edas Morillo; Sof\u00eda Cejas y Eliana Otero<\/p>\n<p style=\"font-weight: 400;\"><strong>Pelota:<\/strong>\u00a0Joseba Bilbao; Emilia Menna-Mar\u00eda Eliceche (dupla) y Jaime Cano-Mart\u00edn Dindart (dupla)<\/p>\n<p style=\"font-weight: 400;\"><strong>Tiro:<\/strong>\u00a0Ariel Fiadino, Leandro Soler y Alejandro Urban<\/p>\n<p style=\"font-weight: 400;\"><strong>Tiro con arco:<\/strong>\u00a0Daniela Gil, Mariana Cedr\u00f3n y Guillermo Daniel Gonz\u00e1lez<\/p>\n<p style=\"font-weight: 400;\"><strong>V\u00f3ley:<\/strong>\u00a0Oscar Carrera, Ciro Garc\u00eda Go\u00f1i y Diamela Mastronardi<\/p>\n","protected":false},"excerpt":{"rendered":"<p>A la primera tanda de 20 ternas que dio a conocer el C\u00edrculo de Periodistas Deportivos de cara a la 23ra Gran Fiesta del Deporte \u201cJuan Alberto Poteca\u201d del venidero mi\u00e9rcoles 14 en el Sal\u00f3n de Fiestas del Club Del Valle, ahora se conocen los integrantes de otras 13 disciplinas que integrar\u00e1n ternas en el [&hellip;]<\/p>\n","protected":false},"author":3,"featured_media":95939,"comment_status":"closed","ping_status":"closed","sticky":false,"template":"","format":"standard","meta":{"footnotes":""},"categories":[3],"tags":[],"class_list":["post-95938","post","type-post","status-publish","format-standard","has-post-thumbnail","category-masnoticias"],"_links":{"self":[{"href":"https:\/\/primicias2262.com\/noticias\/wp-json\/wp\/v2\/posts\/95938","targetHints":{"allow":["GET"]}}],"collection":[{"href":"https:\/\/primicias2262.com\/noticias\/wp-json\/wp\/v2\/posts"}],"about":[{"href":"https:\/\/primicias2262.com\/noticias\/wp-json\/wp\/v2\/types\/post"}],"author":[{"embeddable":true,"href":"https:\/\/primicias2262.com\/noticias\/wp-json\/wp\/v2\/users\/3"}],"replies":[{"embeddable":true,"href":"https:\/\/primicias2262.com\/noticias\/wp-json\/wp\/v2\/comments?post=95938"}],"version-history":[{"count":0,"href":"https:\/\/primicias2262.com\/noticias\/wp-json\/wp\/v2\/posts\/95938\/revisions"}],"wp:attachment":[{"href":"https:\/\/primicias2262.com\/noticias\/wp-json\/wp\/v2\/media?parent=95938"}],"wp:term":[{"taxonomy":"category","embeddable":true,"href":"https:\/\/primicias2262.com\/noticias\/wp-json\/wp\/v2\/categories?post=95938"},{"taxonomy":"post_tag","embeddable":true,"href":"https:\/\/primicias2262.com\/noticias\/wp-json\/wp\/v2\/tags?post=95938"}],"curies":[{"name":"wp","href":"https:\/\/api.w.org\/{rel}","templated":true}]}}