{"id":95956,"date":"2022-12-12T10:39:53","date_gmt":"2022-12-12T13:39:53","guid":{"rendered":"https:\/\/primicias2262.com\/?p=95956"},"modified":"2022-12-12T10:39:53","modified_gmt":"2022-12-12T13:39:53","slug":"la-inauguracion-de-la-temporada-se-cerro-con-el-show-de-miranda-y-una-multitud-en-el-parque","status":"publish","type":"post","link":"https:\/\/primicias2262.com\/noticias\/la-inauguracion-de-la-temporada-se-cerro-con-el-show-de-miranda-y-una-multitud-en-el-parque\/","title":{"rendered":"La Inauguraci\u00f3n de la Temporada se cerr\u00f3 con el show de Miranda y una multitud en el Parque"},"content":{"rendered":"<p><strong>Con espectacular respaldo y un show del grupo de pop Miranda! que cautiv\u00f3 a miles de necochenses y turistas, se cerr\u00f3 finalmente este domingo la fiesta organizada desde el municipio en el Festival\u00f3dromo del Parque Miguel Lillo, enmarcado todo en la Inauguraci\u00f3n de la Temporada de Verano 2022-23 y cuyo puntapi\u00e9 inicial se dio el viernes pasado en las letreas corp\u00f3reas de Quequ\u00e9n, en una decisi\u00f3n del intendente Arturo Rojas de realizar esta apertura en la vecina ciudad por primera vez en la historia ya que ninguna gesti\u00f3n lo hab\u00eda hecho antes.<\/strong><\/p>\n<p>Yendo puntualmente a esta jornada dominguera, el plato fuerte que estuvo a cargo de los reconocidos Alejandro Sergi y la histri\u00f3nica Juliana Gattas se dio pasada la hora 21, oportunidad en la que en el escenario principal deleitaron con su ritmo electropop a los presentes quienes acompa\u00f1aron cada melod\u00eda a rabiar, con palmas y dejando hasta la voz en cada intervenci\u00f3n de la banda. En este sentido, y con los m\u00fasicos cambiando de vestuario constantemente, sonaron fuerte los hits \u201cPerfecta\u201d, \u201cMent\u00eda\u201d, \u201cYo te dir\u00e9\u201d, \u201cDon\u201d y hasta lo m\u00e1s nuevo como \u201cPor amar al amor\u201d, entre otras canciones que le dieron forma a este recital por alrededor de una hora y media.<\/p>\n<p><a href=\"https:\/\/primicias2262.com\/wp-content\/uploads\/2022\/12\/FOTO-Inauguracion-Temporada-domingo3.jpg\"><img loading=\"lazy\" decoding=\"async\" class=\"aligncenter size-large wp-image-95959\" src=\"https:\/\/primicias2262.com\/wp-content\/uploads\/2022\/12\/FOTO-Inauguracion-Temporada-domingo3-1024x682.jpg\" alt=\"\" width=\"696\" height=\"464\" \/><\/a>Antes del show, el d\u00fao din\u00e1mico por la entereza en la que llevan adelante el espect\u00e1culo, sin parar un segundo, ofreci\u00f3 una conferencia de prensa ante los medios presentes. En ese contexto, Ale manifest\u00f3 que \u201cestamos muy contentos que nos hayan convocado para entretener a la gente esta noche, as\u00ed que esperemos estar a la altura de las circunstancias\u201d.<\/p>\n<p>\u201cEstar en la costa argentina es un cl\u00e1sico en cada verano, y la particularidad de este concierto es el primero que hacemos de la temporada que est\u00e1 por empezar\u201d a\u00f1adi\u00f3 el artista.<\/p>\n<p>Por su parte, Juliana, su compa\u00f1era de escenario, explic\u00f3 que \u201cen este tipo de recitales siempre intentamos sumarnos al festejo total, y en ese sentido sabemos que est\u00e1n celebrando su fiesta y armamos nuestra lista \u2018hitera\u2019 que generalmente conocen todos, y no cortar el bambo con un tema que nadie conoce. As\u00ed que Hit, hit, hit, palo y a la bolsa y que no paren de bailar\u201d.<\/p>\n<p><a href=\"https:\/\/primicias2262.com\/wp-content\/uploads\/2022\/12\/FOTO-Inauguracion-Temporada-domingo2.jpg\"><img loading=\"lazy\" decoding=\"async\" class=\"aligncenter size-large wp-image-95958\" src=\"https:\/\/primicias2262.com\/wp-content\/uploads\/2022\/12\/FOTO-Inauguracion-Temporada-domingo2-1024x682.jpg\" alt=\"\" width=\"696\" height=\"464\" \/><\/a>Y cerr\u00f3: \u201cQue nos hayan convocado para cerrar esta fiesta nos hace sentir valorados, y la verdad es que nos encanta que hayan pensado en nosotros\u201d.<\/p>\n<p>Mas all\u00e1 de este impactante show, y con la presencia como en cada una de las fechas del jefe comunal desde temprano junto a funcionarios y concejales, el d\u00eda arranc\u00f3 antes con la banda soporte Irix Colirium y m\u00e1s temprano aun con la presentaci\u00f3n en el Anfiteatro de los j\u00f3venes del Koliseo Freestyle y sus letras de hip hop caracter\u00edsticas y las batallas donde florece el talento y la impronta de cada participante.<\/p>\n<p>De esta forma, el Ejecutivo cerr\u00f3 tres d\u00edas de celebraci\u00f3n a pleno y con notable respaldo: la primera en Quequ\u00e9n con la presencia del DJ Alan G\u00f3mez, con m\u00e1s de 5 millones de reproducciones mensuales en Spotify por ejemplo; el s\u00e1bado con la humorista F\u00e1tima Fl\u00f3rez y sus imitaciones que arrancaron carcajadas por doquier, y hace un rato el broche de oro con Miranda!.<\/p>\n","protected":false},"excerpt":{"rendered":"<p>Con espectacular respaldo y un show del grupo de pop Miranda! que cautiv\u00f3 a miles de necochenses y turistas, se cerr\u00f3 finalmente este domingo la fiesta organizada desde el municipio en el Festival\u00f3dromo del Parque Miguel Lillo, enmarcado todo en la Inauguraci\u00f3n de la Temporada de Verano 2022-23 y cuyo puntapi\u00e9 inicial se dio el [&hellip;]<\/p>\n","protected":false},"author":3,"featured_media":95957,"comment_status":"closed","ping_status":"closed","sticky":false,"template":"","format":"standard","meta":{"footnotes":""},"categories":[3],"tags":[],"class_list":["post-95956","post","type-post","status-publish","format-standard","has-post-thumbnail","category-masnoticias"],"_links":{"self":[{"href":"https:\/\/primicias2262.com\/noticias\/wp-json\/wp\/v2\/posts\/95956","targetHints":{"allow":["GET"]}}],"collection":[{"href":"https:\/\/primicias2262.com\/noticias\/wp-json\/wp\/v2\/posts"}],"about":[{"href":"https:\/\/primicias2262.com\/noticias\/wp-json\/wp\/v2\/types\/post"}],"author":[{"embeddable":true,"href":"https:\/\/primicias2262.com\/noticias\/wp-json\/wp\/v2\/users\/3"}],"replies":[{"embeddable":true,"href":"https:\/\/primicias2262.com\/noticias\/wp-json\/wp\/v2\/comments?post=95956"}],"version-history":[{"count":0,"href":"https:\/\/primicias2262.com\/noticias\/wp-json\/wp\/v2\/posts\/95956\/revisions"}],"wp:attachment":[{"href":"https:\/\/primicias2262.com\/noticias\/wp-json\/wp\/v2\/media?parent=95956"}],"wp:term":[{"taxonomy":"category","embeddable":true,"href":"https:\/\/primicias2262.com\/noticias\/wp-json\/wp\/v2\/categories?post=95956"},{"taxonomy":"post_tag","embeddable":true,"href":"https:\/\/primicias2262.com\/noticias\/wp-json\/wp\/v2\/tags?post=95956"}],"curies":[{"name":"wp","href":"https:\/\/api.w.org\/{rel}","templated":true}]}}