{"id":95974,"date":"2022-12-12T11:15:54","date_gmt":"2022-12-12T14:15:54","guid":{"rendered":"https:\/\/primicias2262.com\/?p=95974"},"modified":"2022-12-12T11:15:54","modified_gmt":"2022-12-12T14:15:54","slug":"el-movimiento-evita-presento-proyecto-de-obras-de-urbanizacion-en-el-barrio-loos-alamos","status":"publish","type":"post","link":"https:\/\/primicias2262.com\/noticias\/el-movimiento-evita-presento-proyecto-de-obras-de-urbanizacion-en-el-barrio-loos-alamos\/","title":{"rendered":"El Movimiento Evita present\u00f3 proyecto de obras de urbanizaci\u00f3n en el Barrio Los \u00c1lamos"},"content":{"rendered":"<p><strong>Se realiz\u00f3 por parte del Movimiento Evita una asamblea abierta con vecinos del barrio Los \u00c1lamos con motivo de la presentaci\u00f3n de pre-obras de integraci\u00f3n socio urbana que se llevar\u00e1n a cabo, las cu\u00e1les contemplan\u00a0conexiones e instalaciones de electricidad y agua con tanques cisternas incluidos, Red Peatonal, arbolado p\u00fablico y equipamiento urbano.<\/strong><\/p>\n<p>Luciano Lescano, responsable del Movimiento Evita junto a Roc\u00edo Mateo (concejal suplente del FDT), qui\u00e9n adem\u00e1s es responsable social de dicha obra llevaron adelante un di\u00e1logo con todos los vecinos presentes en la Capilla San Pablo, donde funciona una Unidad Barrial a cargo de dicha organizaci\u00f3n y conducida por Carina Lavie y Mabel Saez.<\/p>\n<p>Hablaron adem\u00e1s el Ingeniero civil, Marcos Pascua quien es responsable t\u00e9cnico y que detall\u00f3 los alcances y plazos de obra sociocomunitaria y Cristian Sierra, presidente de la Cooperativa 26 de Julio, que actuar\u00e1 como ente ejecutor de la misma. Estuvieron presentes las trabajadoras relevadoras del RENABAP quienes articular\u00e1n con las y los vecinos de manera directa previo y durante las tareas, a cargo de la responsable, Carolina Rodr\u00edguez.<\/p>\n<p>&nbsp;<\/p>\n<p>Los vecinos a su vez, tambi\u00e9n plantearon inconvenientes hist\u00f3ricos que vienen sufriendo en el barrio, respecto de luz, cloacas y espacios verdes. Demandas que tambi\u00e9n fueron tomadas y que ser\u00e1n elevadas al departamento ejecutivo que hoy encabeza Arturo Rojas.<\/p>\n<p>\u00abNo venimos al barrio con ninguna promesa, hace 5 a\u00f1os que estamos presentes en la unidad barrial trabajando comunitariamente. Hoy venimos con hechos que en 45 d\u00edas comenzar\u00e1n a concretarse. Hay otra forma de hacer pol\u00edtica y es con la gente, cara a cara\u00bb, expres\u00f3 Luciano Lescano.<\/p>\n<p>Acompa\u00f1aron la asamblea, Diego Britos, delegado del INAES y Patricia Aranda, secretaria general de UTEP Evita.<\/p>\n","protected":false},"excerpt":{"rendered":"<p>Se realiz\u00f3 por parte del Movimiento Evita una asamblea abierta con vecinos del barrio Los \u00c1lamos con motivo de la presentaci\u00f3n de pre-obras de integraci\u00f3n socio urbana que se llevar\u00e1n a cabo, las cu\u00e1les contemplan\u00a0conexiones e instalaciones de electricidad y agua con tanques cisternas incluidos, Red Peatonal, arbolado p\u00fablico y equipamiento urbano. Luciano Lescano, responsable [&hellip;]<\/p>\n","protected":false},"author":3,"featured_media":95975,"comment_status":"closed","ping_status":"closed","sticky":false,"template":"","format":"standard","meta":{"footnotes":""},"categories":[3],"tags":[],"class_list":["post-95974","post","type-post","status-publish","format-standard","has-post-thumbnail","category-masnoticias"],"_links":{"self":[{"href":"https:\/\/primicias2262.com\/noticias\/wp-json\/wp\/v2\/posts\/95974","targetHints":{"allow":["GET"]}}],"collection":[{"href":"https:\/\/primicias2262.com\/noticias\/wp-json\/wp\/v2\/posts"}],"about":[{"href":"https:\/\/primicias2262.com\/noticias\/wp-json\/wp\/v2\/types\/post"}],"author":[{"embeddable":true,"href":"https:\/\/primicias2262.com\/noticias\/wp-json\/wp\/v2\/users\/3"}],"replies":[{"embeddable":true,"href":"https:\/\/primicias2262.com\/noticias\/wp-json\/wp\/v2\/comments?post=95974"}],"version-history":[{"count":0,"href":"https:\/\/primicias2262.com\/noticias\/wp-json\/wp\/v2\/posts\/95974\/revisions"}],"wp:attachment":[{"href":"https:\/\/primicias2262.com\/noticias\/wp-json\/wp\/v2\/media?parent=95974"}],"wp:term":[{"taxonomy":"category","embeddable":true,"href":"https:\/\/primicias2262.com\/noticias\/wp-json\/wp\/v2\/categories?post=95974"},{"taxonomy":"post_tag","embeddable":true,"href":"https:\/\/primicias2262.com\/noticias\/wp-json\/wp\/v2\/tags?post=95974"}],"curies":[{"name":"wp","href":"https:\/\/api.w.org\/{rel}","templated":true}]}}