{"id":95981,"date":"2022-12-12T11:51:26","date_gmt":"2022-12-12T14:51:26","guid":{"rendered":"https:\/\/primicias2262.com\/?p=95981"},"modified":"2022-12-12T11:51:26","modified_gmt":"2022-12-12T14:51:26","slug":"ariel-bracklo-palpito-una-nueva-campana-de-reyes-magos-en-quequen","status":"publish","type":"post","link":"https:\/\/primicias2262.com\/noticias\/ariel-bracklo-palpito-una-nueva-campana-de-reyes-magos-en-quequen\/","title":{"rendered":"Ariel Bracklo palpit\u00f3 una nueva campa\u00f1a de Reyes Magos en Quequ\u00e9n"},"content":{"rendered":"<p><strong>En los estudios de \u201cVoces de la Ciudad\u201d, Bracklo dio detalles de la realizaci\u00f3n que lleva adelante hace unos a\u00f1os junto a algunos colaboradores, quienes se visten de reyes magos y andan por los barrios repartiendo caramelos.<\/strong><\/p>\n<p>En charla con el periodista Jorge G\u00f3mez, se\u00f1al\u00f3 que \u201cestamos preparando la actividad de reyes y ya arrancamos la campa\u00f1a, quiero recordar que esto se inici\u00f3 con el querido Daniel Picardi, jam\u00e1s imagin\u00e9 estar en esto y despu\u00e9s cuando Daniel parti\u00f3 yo quise dejar, pero me dec\u00edan que no, que lo ten\u00eda que hacer, as\u00ed que con un grupo de amigos que andamos en la bicicleta encaramos y ya vamos por otro a\u00f1o m\u00e1s\u201d.<\/p>\n<p>Seguidamente explic\u00f3 que \u201ctenemos el logo de \u201cUn masticable por una sonrisa\u201d, entonces hacemos bolsas de a 10 caramelos y salimos por todos los barrios de Quequ\u00e9n, en este caso agradeciendo al delegado Mario Wilgenhoff que aporta una camioneta, a Mart\u00edn Zagame que va con la m\u00fasica de los reyes y una sirena, y a un mont\u00f3n de gente que colabora\u2026 el a\u00f1o pasado hicimos 2700 bolsitas y este a\u00f1o queremos llegar a las 3000 bolsitas\u201d.<\/p>\n<p>Para tal fin, Bracklo recibe donaciones de caramelos, as\u00ed sea sueltos. \u201cEn el Facebook de Ariel Bracklo pueden contactarse, y si no se reciben caramelos, estoy cruzando el Puente Colgante en una puerta naranja, o aquel que no puede yo salgo en la bicicleta a buscar las donaciones\u201d, acerca de lo que valor\u00f3 que \u201cla gente mayor es de mucho colaborar y me quedo admirado con ellos, que sacan de su jubilaci\u00f3n para colaborar. Pedimos caramelos masticables, no hace falta comprar bolsa, se pueden donar sueltos tambi\u00e9n\u201d.<\/p>\n<p>\u201cEs una sensaci\u00f3n hermosa cuando recibimos cartitas de los chicos, te hace erizar la piel, es espectacular, se sienten cosas que uno no ha sentido en la vida\u201d, culmin\u00f3 Bracklo.<\/p>\n","protected":false},"excerpt":{"rendered":"<p>En los estudios de \u201cVoces de la Ciudad\u201d, Bracklo dio detalles de la realizaci\u00f3n que lleva adelante hace unos a\u00f1os junto a algunos colaboradores, quienes se visten de reyes magos y andan por los barrios repartiendo caramelos. En charla con el periodista Jorge G\u00f3mez, se\u00f1al\u00f3 que \u201cestamos preparando la actividad de reyes y ya arrancamos [&hellip;]<\/p>\n","protected":false},"author":3,"featured_media":95982,"comment_status":"closed","ping_status":"closed","sticky":false,"template":"","format":"standard","meta":{"footnotes":""},"categories":[3],"tags":[],"class_list":["post-95981","post","type-post","status-publish","format-standard","has-post-thumbnail","category-masnoticias"],"_links":{"self":[{"href":"https:\/\/primicias2262.com\/noticias\/wp-json\/wp\/v2\/posts\/95981","targetHints":{"allow":["GET"]}}],"collection":[{"href":"https:\/\/primicias2262.com\/noticias\/wp-json\/wp\/v2\/posts"}],"about":[{"href":"https:\/\/primicias2262.com\/noticias\/wp-json\/wp\/v2\/types\/post"}],"author":[{"embeddable":true,"href":"https:\/\/primicias2262.com\/noticias\/wp-json\/wp\/v2\/users\/3"}],"replies":[{"embeddable":true,"href":"https:\/\/primicias2262.com\/noticias\/wp-json\/wp\/v2\/comments?post=95981"}],"version-history":[{"count":0,"href":"https:\/\/primicias2262.com\/noticias\/wp-json\/wp\/v2\/posts\/95981\/revisions"}],"wp:attachment":[{"href":"https:\/\/primicias2262.com\/noticias\/wp-json\/wp\/v2\/media?parent=95981"}],"wp:term":[{"taxonomy":"category","embeddable":true,"href":"https:\/\/primicias2262.com\/noticias\/wp-json\/wp\/v2\/categories?post=95981"},{"taxonomy":"post_tag","embeddable":true,"href":"https:\/\/primicias2262.com\/noticias\/wp-json\/wp\/v2\/tags?post=95981"}],"curies":[{"name":"wp","href":"https:\/\/api.w.org\/{rel}","templated":true}]}}