{"id":96004,"date":"2022-12-13T13:05:58","date_gmt":"2022-12-13T16:05:58","guid":{"rendered":"https:\/\/primicias2262.com\/?p=96004"},"modified":"2022-12-13T13:05:58","modified_gmt":"2022-12-13T16:05:58","slug":"el-centro-cultural-biblioteca-popular-termina-el-ano-con-mas-actividades","status":"publish","type":"post","link":"https:\/\/primicias2262.com\/noticias\/el-centro-cultural-biblioteca-popular-termina-el-ano-con-mas-actividades\/","title":{"rendered":"El Centro Cultural\/Biblioteca Popular termina el a\u00f1o con m\u00e1s actividades"},"content":{"rendered":"<p><strong>El Centro Cultural Necochea Biblioteca Popular Andr\u00e9s Ferreyra (CCN\/BPAF) los invita a disfrutar de las actividades organizadas para los pr\u00f3ximos d\u00edas, previos a las Fiestas de Fin de A\u00f1o. Habr\u00e1 talleres, recitales de villancicos, feria navide\u00f1a y milonga. Varias son gratuitas, y otras con entradas cuyo valor es muy accesible.<\/strong><\/p>\n<p><strong>Mi\u00e9rcoles 14 de diciembre:<\/strong><\/p>\n<p>Bosque Comunidad en \u201cCelebraciones decembrinas\u201d. A partir de las 18:30 horas. La plataforma de arte en territorio que ocupa en nuestro edificio un espacio curatorial propone para el pr\u00f3ximo mi\u00e9rcoles un encuentro para alegrar y compartir, y continuar aportando herramientas para pensar la construcci\u00f3n en comunidad del territorio que habitamos.<\/p>\n<p>Impresi\u00f3n de estampas generadas en el Taller de Xilograf\u00eda \u201cse busca: multiplicar p\u00e1jaros\u201d y creaci\u00f3n de posters con todo el acervo de sellos de Bosque y Comunidad, una actividad pensada para compartir con las infancias.<\/p>\n<p>Desde Tandil, llegar\u00e1 la artista Paz Pereyra Iraola con sus encantadores p\u00e1jaros, y Maite L\u00f3pez Poulsen mostrar\u00e1 una pieza multimedia que fue parte de la primera edici\u00f3n de Jardines Contempor\u00e1neos, en el \u00c1rea de Museos de Necochea.<\/p>\n<p>El programa incluye la presentaci\u00f3n de una obra de la m\u00fasica local Ro Arghan, con bases y viol\u00edn en vivo, construida a partir de audios de Rosita Sarries tomados de la charla Parque Miguel Lillo, para qu\u00e9? Para qui\u00e9n? que se llev\u00f3 a cabo un a\u00f1o atr\u00e1s. Acompa\u00f1an visuales de Sabrina In\u00e9s, con la participaci\u00f3n de performers en el bosque.<\/p>\n<p>Sorpresas, limonadas frescas, cervezas y pochoclo.<\/p>\n<p>Sal\u00f3n Multiespacio. Planta baja. Entrada libre y gratuita.<\/p>\n<p><strong>Viernes 16 de diciembre:<\/strong><\/p>\n<p>Milonga La Cultural. A partir de las 20:00 horas. \u00daltima del a\u00f1o<\/p>\n<p>&#8211; 20 horas: Clase de Tango con Agustina y Mat\u00edas.<\/p>\n<p>&#8211; 21.45 horas. Comienza La Milonga. Con m\u00fasica en vivo. Toca el<\/p>\n<p>Ensamble de Tango \u201cOrillas del Quequ\u00e9n \u201d.<\/p>\n<p>TDJ Agustina Russo<\/p>\n<p>&#8211; Cantina con precios populares<\/p>\n<p>&#8211; Reservas: 2262-654016<\/p>\n<p>Auditorio.<\/p>\n<p>Entradas: clase: $400- milonga: $500<\/p>\n<p>Clase + milonga: $800<\/p>\n<p><strong>S\u00e1bado 17 de diciembre:<\/strong><\/p>\n<p>Navidencias. Feria Navide\u00f1a + villancicos. De 16:00 a 21:00 horas.<\/p>\n<p>Con m\u00e1s de 20 expositores super creativ@s y talentos@s donde se podr\u00e1n comprar regalos de Navidad y Fin de A\u00f1o, como tambi\u00e9n art\u00edculos para decorar las mesas.<\/p>\n<p>En el cierre, a las 20:00 horas. Para Cantar la Navidad. Concierto navide\u00f1o participativo con la presentaci\u00f3n del coro Altamira (director Roberto Goldar) y el coro de la Iglesia Danesa en Necochea (director Juan Dalinger).<\/p>\n<p>Sal\u00f3n Multiespacio y auditorio. Entrada libre y gratuita.<\/p>\n<p>Salas de exposiciones:<\/p>\n<p>&#8211; Sala Pedro Arozarena. Primer Piso. Muestra y conversatorio<\/p>\n<p>\u201cAdolfo Bellocq, un ilustrador de fierro\u201d. Se trata de obras que por primera vez son exhibidas desde que fueron donadas por Martha Bassi de Bellocq en 1974.\u00a0 Es un recorrido de la producci\u00f3n de Adolfo Bellocq como ilustrador donde hay xilograf\u00edas realizadas para el Mart\u00edn Fierro, El Matadero, Historias de Arrabal y Tierra de Matreros entre otras. En el marco de los 50 a\u00f1os de su legado.<\/p>\n<p><strong>Entrada libre y gratuita.<\/strong><\/p>\n<p>&#8211; En el rellano de la escalera. \u201cManifiesto\u201d. Muestra y enunciaci\u00f3n.<\/p>\n<p>Intervenci\u00f3n de Bosque y Comunidad. En un espacio donde, sobre la pared frontal, la direcci\u00f3n del Centro Cultural ha vuelto a colgar una foto hist\u00f3rica del Parque Miguel Lillo que fue un regalo del reconocido fot\u00f3grafo Horacio Coppola. El Parque es reconocido como obra-en-s\u00ed-misma, una maravillosa obra de ingenier\u00eda forestal, y al mismo tiempo, como dispositivo para la creaci\u00f3n de pensamiento com\u00fan para la construcci\u00f3n.<\/p>\n","protected":false},"excerpt":{"rendered":"<p>El Centro Cultural Necochea Biblioteca Popular Andr\u00e9s Ferreyra (CCN\/BPAF) los invita a disfrutar de las actividades organizadas para los pr\u00f3ximos d\u00edas, previos a las Fiestas de Fin de A\u00f1o. Habr\u00e1 talleres, recitales de villancicos, feria navide\u00f1a y milonga. Varias son gratuitas, y otras con entradas cuyo valor es muy accesible. Mi\u00e9rcoles 14 de diciembre: Bosque [&hellip;]<\/p>\n","protected":false},"author":3,"featured_media":73801,"comment_status":"closed","ping_status":"closed","sticky":false,"template":"","format":"standard","meta":{"footnotes":""},"categories":[3],"tags":[],"class_list":["post-96004","post","type-post","status-publish","format-standard","has-post-thumbnail","category-masnoticias"],"_links":{"self":[{"href":"https:\/\/primicias2262.com\/noticias\/wp-json\/wp\/v2\/posts\/96004","targetHints":{"allow":["GET"]}}],"collection":[{"href":"https:\/\/primicias2262.com\/noticias\/wp-json\/wp\/v2\/posts"}],"about":[{"href":"https:\/\/primicias2262.com\/noticias\/wp-json\/wp\/v2\/types\/post"}],"author":[{"embeddable":true,"href":"https:\/\/primicias2262.com\/noticias\/wp-json\/wp\/v2\/users\/3"}],"replies":[{"embeddable":true,"href":"https:\/\/primicias2262.com\/noticias\/wp-json\/wp\/v2\/comments?post=96004"}],"version-history":[{"count":0,"href":"https:\/\/primicias2262.com\/noticias\/wp-json\/wp\/v2\/posts\/96004\/revisions"}],"wp:attachment":[{"href":"https:\/\/primicias2262.com\/noticias\/wp-json\/wp\/v2\/media?parent=96004"}],"wp:term":[{"taxonomy":"category","embeddable":true,"href":"https:\/\/primicias2262.com\/noticias\/wp-json\/wp\/v2\/categories?post=96004"},{"taxonomy":"post_tag","embeddable":true,"href":"https:\/\/primicias2262.com\/noticias\/wp-json\/wp\/v2\/tags?post=96004"}],"curies":[{"name":"wp","href":"https:\/\/api.w.org\/{rel}","templated":true}]}}