{"id":96013,"date":"2022-12-13T13:54:59","date_gmt":"2022-12-13T16:54:59","guid":{"rendered":"https:\/\/primicias2262.com\/?p=96013"},"modified":"2022-12-13T13:54:59","modified_gmt":"2022-12-13T16:54:59","slug":"notable-remontada-de-franco-db-para-cerrar-el-ano-en-el-tc-pista","status":"publish","type":"post","link":"https:\/\/primicias2262.com\/noticias\/notable-remontada-de-franco-db-para-cerrar-el-ano-en-el-tc-pista\/","title":{"rendered":"Notable remontada de Franco DB para cerrar el a\u00f1o en el TC Pista"},"content":{"rendered":"<p><strong><em>El necochense avanz\u00f3 14 posiciones para terminar 9\u00b0 en la \u00faltima competencia del a\u00f1o del TC Pista<\/em><\/strong><\/p>\n<p>Franco tuvo un fin de semana muy complicado en donde cost\u00f3 mucho tener un buen funcionamiento en la Dodge sobre este complejo trazado de Villicum en la provincia de San Juan. Esto se vio evidenciado el d\u00eda S\u00e1bado en la clasificaci\u00f3n quedando 26\u00b0 y luego sin poder avanzar en la serie<\/p>\n<p>Pero el domingo comenz\u00f3 renovado para la pantera con la ilusi\u00f3n de avanzar y cerrar el a\u00f1o de la mejor manera. El equipo SAP Team trabaj\u00f3 mucho para tener un buen rendimiento y afortunadamente se logr\u00f3. Franco larg\u00f3 en la 23\u00aa colocaci\u00f3n y en 20 vueltas avanz\u00f3 14 posiciones logrando muy lindas maniobras y sabiendo esquivar accidentes sin inconvenientes. De esta manera, el necochense obtuvo un inesperado puesto 9 al momento de la bandera a cuadros logrando terminar entre los 10 primeros por 3\u00b0 vez en las 7 competencias que disput\u00f3 este a\u00f1o en su retorno al TC Pista<\/p>\n<p>Con este resultado Franco sum\u00f3 39 unidades y finaliz\u00f3 el campeonato en el puesto 32 con 160.5 puntos<\/p>\n<p>Se cerr\u00f3 una nueva temporada dentro del automovilismo nacional siendo protagonista en las dos categor\u00edas que compiti\u00f3 este a\u00f1o, pero a\u00fan m\u00e1s dentro del TC Pista quedando a las puertas de lograr un podio en dos oportunidades en esta categor\u00eda telonera del Turismo Carretera.<\/p>\n<p><a href=\"https:\/\/primicias2262.com\/wp-content\/uploads\/2022\/12\/PRENSA-FDB-12-12-1.jpeg\"><img loading=\"lazy\" decoding=\"async\" class=\"aligncenter size-full wp-image-96014\" src=\"https:\/\/primicias2262.com\/wp-content\/uploads\/2022\/12\/PRENSA-FDB-12-12-1.jpeg\" alt=\"\" width=\"1280\" height=\"853\" \/><\/a>Franco De Benedictis: \u201cEstoy muy feliz por revertir este fin de semana que arranc\u00f3 muy complicado y lo terminamos entre los 10 primeros. Esto es m\u00e9rito de todo el equipo SAP Team que nunca baj\u00f3 los brazos y trabaj\u00f3 duro para mejorar la Dodge. Sin dudas les tengo que agradecer a todos ellos por darme la posibilidad de retornar al TC Pista despu\u00e9s de 7 a\u00f1os y obviamente a los sponsors y amigos que son el pilar fundamental para estar hoy ac\u00e1, igual que a toda la gente por el apoyo incondicional. Es un sue\u00f1o retornar de esta manera a la categor\u00eda estando muy cerca de lograr un podio en dos oportunidades. Fuimos protagonistas en la primera mitad del a\u00f1o dentro de TC Pick Up y lo cerramos a\u00fan mejor en el TC Pista. Ahora tocar\u00e1 descansar y armar de la mejor manera la pr\u00f3xima temporada. En breve estaremos confirmando c\u00f3mo continuamos\u201d.<\/p>\n","protected":false},"excerpt":{"rendered":"<p>El necochense avanz\u00f3 14 posiciones para terminar 9\u00b0 en la \u00faltima competencia del a\u00f1o del TC Pista Franco tuvo un fin de semana muy complicado en donde cost\u00f3 mucho tener un buen funcionamiento en la Dodge sobre este complejo trazado de Villicum en la provincia de San Juan. Esto se vio evidenciado el d\u00eda S\u00e1bado [&hellip;]<\/p>\n","protected":false},"author":3,"featured_media":96015,"comment_status":"closed","ping_status":"closed","sticky":false,"template":"","format":"standard","meta":{"footnotes":""},"categories":[3],"tags":[],"class_list":["post-96013","post","type-post","status-publish","format-standard","has-post-thumbnail","category-masnoticias"],"_links":{"self":[{"href":"https:\/\/primicias2262.com\/noticias\/wp-json\/wp\/v2\/posts\/96013","targetHints":{"allow":["GET"]}}],"collection":[{"href":"https:\/\/primicias2262.com\/noticias\/wp-json\/wp\/v2\/posts"}],"about":[{"href":"https:\/\/primicias2262.com\/noticias\/wp-json\/wp\/v2\/types\/post"}],"author":[{"embeddable":true,"href":"https:\/\/primicias2262.com\/noticias\/wp-json\/wp\/v2\/users\/3"}],"replies":[{"embeddable":true,"href":"https:\/\/primicias2262.com\/noticias\/wp-json\/wp\/v2\/comments?post=96013"}],"version-history":[{"count":0,"href":"https:\/\/primicias2262.com\/noticias\/wp-json\/wp\/v2\/posts\/96013\/revisions"}],"wp:attachment":[{"href":"https:\/\/primicias2262.com\/noticias\/wp-json\/wp\/v2\/media?parent=96013"}],"wp:term":[{"taxonomy":"category","embeddable":true,"href":"https:\/\/primicias2262.com\/noticias\/wp-json\/wp\/v2\/categories?post=96013"},{"taxonomy":"post_tag","embeddable":true,"href":"https:\/\/primicias2262.com\/noticias\/wp-json\/wp\/v2\/tags?post=96013"}],"curies":[{"name":"wp","href":"https:\/\/api.w.org\/{rel}","templated":true}]}}