{"id":96018,"date":"2022-12-13T15:18:23","date_gmt":"2022-12-13T18:18:23","guid":{"rendered":"https:\/\/primicias2262.com\/?p=96018"},"modified":"2022-12-13T15:18:23","modified_gmt":"2022-12-13T18:18:23","slug":"empieza-a-encaminarse-un-nuevo-acuerdo-entre-la-municipalidad-y-la-empresa-de-recoleccion-de-residuos-relisa","status":"publish","type":"post","link":"https:\/\/primicias2262.com\/noticias\/empieza-a-encaminarse-un-nuevo-acuerdo-entre-la-municipalidad-y-la-empresa-de-recoleccion-de-residuos-relisa\/","title":{"rendered":"Empieza a encaminarse un nuevo acuerdo entre la Municipalidad y la empresa de recolecci\u00f3n de residuos Relisa"},"content":{"rendered":"<p><strong>Esta semana el intendente Arturo Rojas y funcionarios de Legal y T\u00e9cnica y Obras P\u00fablicas se reunieron con los presidentes de los diferentes bloques del Honorable Concejo Deliberante, en funci\u00f3n de abordar el reperfilamiento del conflicto entre la comuna y Relisa. Si bien la empresa est\u00e1 de acuerdo con lo charlado, falta la instancia de aprobaci\u00f3n legislativa, aunque los ediles habr\u00edan demostrado buena voluntad. En simult\u00e1neo a ello, se inform\u00f3 que la futura planta de tratamiento y disposici\u00f3n final de la basura ser\u00e1 trabajada por la Asociaci\u00f3n Civil \u201cTodo para Ellos\u201d.<\/strong><\/p>\n<p>En referencia a ello, el periodista Jorge G\u00f3mez dialog\u00f3 en \u201cVoces de la Ciudad\u201d con el secretario de Planeamiento y Obras P\u00fablicas, Adri\u00e1n Furno, quien afirm\u00f3 que \u201cesto es un tema que ata\u00f1e al vecino de Necochea y a las generaciones futuras\u201d, y contextualiz\u00f3 que \u201cesto arranca hace 22 a\u00f1os con el servicio de recolecci\u00f3n de residuos en Necochea, Quequ\u00e9n y localidades del interior, la empresa original que era Farfalini, desde ah\u00ed para ac\u00e1 pasaron varias empresas, \u00c1lvarez y Pati\u00f1o, y se conforma la empresa Relisa con capitales locales que perdura como tal\u201d.<\/p>\n<p>\u201cSiempre los trabajadores han sido los mismos, al frente de un servicio esencial que no se puede dejar de efectuar y teniendo en cuenta que en las diferentes administraciones que han pasado, cuatro o cinco con diferente color pol\u00edtico, siempre ha habido un conflicto principal que ha sido el relleno sanitario\u201d, es decir, \u201cla basura \u00a0se recolecta, pero despu\u00e9s qu\u00e9 hacen con la misma\u201d, se pregunt\u00f3 el funcionario.<\/p>\n<p>Sigui\u00f3 relatando que \u201cen algunos momentos se ha pagado el relleno sanitario, en otros no, hay conflictos y distintas causas y se llega a esta instancia. La primera parte del tramo de la recolecci\u00f3n siempre se hizo bien sin mayores inconvenientes, con distintas frecuencias, pero la problem\u00e1tica surge a partir del recambio del predio original que estaba al predio las Dos Hermanitas. Ese lugar ten\u00eda todas las aptitudes para ser declarado para hacer la disposici\u00f3n final de residuos, lo que termin\u00f3 en un basural a cielo abierto, y ah\u00ed comienzan los conflictos municipio-empresa\u201d.<\/p>\n<p>\u201cEn algunos momentos la comuna pag\u00f3 el relleno solitario, pero la decisi\u00f3n de la administraci\u00f3n actual fue no pagar el relleno, y tambi\u00e9n est\u00e1 la otra parte que la empresa te dice yo retiro la basura y d\u00f3nde la llevo\u201d, lo que habilit\u00f3 una instancia judicial por parte de la empresa.<\/p>\n<p><a href=\"https:\/\/primicias2262.com\/wp-content\/uploads\/2022\/12\/IMG-20221213-WA0062.jpg\"><img loading=\"lazy\" decoding=\"async\" class=\"aligncenter size-full wp-image-96020\" src=\"https:\/\/primicias2262.com\/wp-content\/uploads\/2022\/12\/IMG-20221213-WA0062.jpg\" alt=\"\" width=\"1024\" height=\"768\" \/><\/a><\/p>\n<p>En funci\u00f3n de todo ello, Furno destac\u00f3 que \u201cse hizo un estudio t\u00e9cnico econ\u00f3mico en la Municipalidad, todo resumido lleva a que hoy despu\u00e9s de 22 a\u00f1os hay una deuda de m\u00e1s de 1170 millones de pesos con quita del 20% por parte de la empresa, que hace que quede en algo m\u00e1s de 940 millones de pesos a pagar desde enero de 2024 con un a\u00f1o de gracia\u201d.<\/p>\n<p>De todas maneras, hay aspectos centrales en la negociaci\u00f3n, la cual la gesti\u00f3n actual lleva adelante desde que asumi\u00f3 hace tres a\u00f1os. \u201cLa empresa baja el monto de lo que reclama, pero a su vez se dan de baja todas las acciones judiciales, es decir que la Municipalidad no tiene que pagar nada de eso\u201d, pero a su vez est\u00e1 la condici\u00f3n de realizar la planta de tratamiento, que es la clave y el coraz\u00f3n de la idea.<\/p>\n<p>En ese sentido, el secretario de Obras P\u00fablicas expres\u00f3: \u201cEste es un problema hist\u00f3rico de la ciudad y hab\u00eda que buscarle una soluci\u00f3n integral, bajarlo al HCD y que todos los presidentes de bloque lo estudien y trascienda a todos los partidos pol\u00edticos\u201d, para acotar que \u201chay una planta de tratamiento de residuos s\u00f3lidos urbanos que tiene que construir RELISA en un predio de cuatro hect\u00e1reas en 106 y 25, pegado al Sector Industrial Planificado, predio que est\u00e1 totalmente en regla, y la idea es hacer la separaci\u00f3n en el lugar\u201d.<\/p>\n<p>Ampli\u00f3 que \u201cuna vez que se firma el convenio, en 60 d\u00edas la empresa tiene que poner a nombre del municipio los terrenos y tiene seis meses para la construcci\u00f3n de la planta de tratamiento propiamente dicha, cuyo trabajo estar\u00e1 a cargo de la Asociaci\u00f3n Todo Para Ellos\u2026 trabajando de esa forma en conjunto todas las partes, con la empresa y la Municipalidad\u201d.<\/p>\n<p>Tambi\u00e9n apunt\u00f3 Furno que la explotaci\u00f3n ser\u00e1 en principio por cinco a\u00f1os \u201cpara esta asociaci\u00f3n que es muy prestigiosa. Son 80 a 100 toneladas de residuos por d\u00eda y la instituci\u00f3n se autofinanciar\u00eda con lo que es el reciclado de basura, y para la Municipalidad el costo de la panta ser\u00eda cero, adem\u00e1s de que traer\u00eda un beneficio ambiental para la ciudad\u201d.<\/p>\n<p>Asimismo, el funcionario destac\u00f3 la buena predisposici\u00f3n que hay de ambas partes al explicar que \u201choy la empresa est\u00e1 en condiciones legales de embargar las cuentas municipales, pero si se aprueba este instrumento se da de baja todo y se hace borr\u00f3n y cuenta nueva, y el municipio dentro del proyecto tiene la posibilidad en el \u00faltimo tramo de relleno solitario, pagarlo en base a c\u00f3mo ejecuta la empresa la tarea\u201d.<\/p>\n<p>\u201cLa idea es cumplimentar el acuerdo para a futuro desde el punto de vista ambiental tener el mejor servicio posible, que es lo que estamos buscando\u201d, afirm\u00f3 el funcionario, para concluir que \u201cArturo nos dice que a los temas hay que enfrentarlos y tienen que estar todas las partes sentadas, hablando y buscando una soluci\u00f3n\u201d.<\/p>\n","protected":false},"excerpt":{"rendered":"<p>Esta semana el intendente Arturo Rojas y funcionarios de Legal y T\u00e9cnica y Obras P\u00fablicas se reunieron con los presidentes de los diferentes bloques del Honorable Concejo Deliberante, en funci\u00f3n de abordar el reperfilamiento del conflicto entre la comuna y Relisa. Si bien la empresa est\u00e1 de acuerdo con lo charlado, falta la instancia de [&hellip;]<\/p>\n","protected":false},"author":3,"featured_media":96019,"comment_status":"closed","ping_status":"closed","sticky":false,"template":"","format":"standard","meta":{"footnotes":""},"categories":[3],"tags":[],"class_list":["post-96018","post","type-post","status-publish","format-standard","has-post-thumbnail","category-masnoticias"],"_links":{"self":[{"href":"https:\/\/primicias2262.com\/noticias\/wp-json\/wp\/v2\/posts\/96018","targetHints":{"allow":["GET"]}}],"collection":[{"href":"https:\/\/primicias2262.com\/noticias\/wp-json\/wp\/v2\/posts"}],"about":[{"href":"https:\/\/primicias2262.com\/noticias\/wp-json\/wp\/v2\/types\/post"}],"author":[{"embeddable":true,"href":"https:\/\/primicias2262.com\/noticias\/wp-json\/wp\/v2\/users\/3"}],"replies":[{"embeddable":true,"href":"https:\/\/primicias2262.com\/noticias\/wp-json\/wp\/v2\/comments?post=96018"}],"version-history":[{"count":0,"href":"https:\/\/primicias2262.com\/noticias\/wp-json\/wp\/v2\/posts\/96018\/revisions"}],"wp:attachment":[{"href":"https:\/\/primicias2262.com\/noticias\/wp-json\/wp\/v2\/media?parent=96018"}],"wp:term":[{"taxonomy":"category","embeddable":true,"href":"https:\/\/primicias2262.com\/noticias\/wp-json\/wp\/v2\/categories?post=96018"},{"taxonomy":"post_tag","embeddable":true,"href":"https:\/\/primicias2262.com\/noticias\/wp-json\/wp\/v2\/tags?post=96018"}],"curies":[{"name":"wp","href":"https:\/\/api.w.org\/{rel}","templated":true}]}}