{"id":96032,"date":"2022-12-14T10:09:01","date_gmt":"2022-12-14T13:09:01","guid":{"rendered":"https:\/\/primicias2262.com\/?p=96032"},"modified":"2022-12-14T10:09:01","modified_gmt":"2022-12-14T13:09:01","slug":"por-la-final-del-mundial-de-futbol-vuelve-a-postergarse-la-fiesta-del-paseo-de-la-ribera","status":"publish","type":"post","link":"https:\/\/primicias2262.com\/noticias\/por-la-final-del-mundial-de-futbol-vuelve-a-postergarse-la-fiesta-del-paseo-de-la-ribera\/","title":{"rendered":"Por la final del Mundial de F\u00fatbol vuelve a postergarse la Fiesta del Paseo de la Ribera"},"content":{"rendered":"<p><strong>As\u00ed lo comunic\u00f3 la comisi\u00f3n del Paseo de la Ribera, que de esta forma posterga por tercera vez su celebraci\u00f3n, aunque aclararon que el sorteo de la moto se realizar\u00e1 este fin de semana bajo la modalidad sale o sale.<\/strong><\/p>\n<p>El comunicado de la postergaci\u00f3n de la fiesta se dio a conocer una vez que Argentina clasific\u00f3 a la final del Mundial, tras golear a Croacia por 3-0 en Qatar.<\/p>\n<p>\u201cDebido a las circunstancias excepcionales generadas por la llegada de la Selecci\u00f3n Argentina a jugar la Final del Campeonato Mundial de F\u00fatbol y que VAMOS A ESTAR FESTEJANDO LA COPA DEL MUNDO, los Vecinos de Paseo han decidido SUSPENDER la edici\u00f3n 2022 de la tradicional FIESTA DEL PASEO\u201d, comunicaron.<\/p>\n<p>Seguidamente, aclararon que \u201ca los vecinos de Necochea y Quequ\u00e9n que hayan adquirido la rifa de una moto 110 c.c. se les informa que ser\u00e1 sorteada con el Gordo de Navidad de la Provincia de Buenos Aires el viernes 23 de diciembre a las 21 hs\u201d.<\/p>\n<p>El poseedor del n\u00famero que coincidan con las tres \u00faltimas cifras de primer premio ser\u00e1 favorecido con una Moto Keller 110cc. En este aspecto, se aclar\u00f3 tambi\u00e9n que se usar\u00e1 la modalidad SALE O SALE, por lo que si el n\u00famero ganador NO FUE VENDIDO ser\u00e1 considerado GANADOR el segundo premio y as\u00ed sucesivamente.<\/p>\n","protected":false},"excerpt":{"rendered":"<p>As\u00ed lo comunic\u00f3 la comisi\u00f3n del Paseo de la Ribera, que de esta forma posterga por tercera vez su celebraci\u00f3n, aunque aclararon que el sorteo de la moto se realizar\u00e1 este fin de semana bajo la modalidad sale o sale. El comunicado de la postergaci\u00f3n de la fiesta se dio a conocer una vez que [&hellip;]<\/p>\n","protected":false},"author":3,"featured_media":91292,"comment_status":"closed","ping_status":"closed","sticky":false,"template":"","format":"standard","meta":{"footnotes":""},"categories":[3],"tags":[],"class_list":["post-96032","post","type-post","status-publish","format-standard","has-post-thumbnail","category-masnoticias"],"_links":{"self":[{"href":"https:\/\/primicias2262.com\/noticias\/wp-json\/wp\/v2\/posts\/96032","targetHints":{"allow":["GET"]}}],"collection":[{"href":"https:\/\/primicias2262.com\/noticias\/wp-json\/wp\/v2\/posts"}],"about":[{"href":"https:\/\/primicias2262.com\/noticias\/wp-json\/wp\/v2\/types\/post"}],"author":[{"embeddable":true,"href":"https:\/\/primicias2262.com\/noticias\/wp-json\/wp\/v2\/users\/3"}],"replies":[{"embeddable":true,"href":"https:\/\/primicias2262.com\/noticias\/wp-json\/wp\/v2\/comments?post=96032"}],"version-history":[{"count":0,"href":"https:\/\/primicias2262.com\/noticias\/wp-json\/wp\/v2\/posts\/96032\/revisions"}],"wp:attachment":[{"href":"https:\/\/primicias2262.com\/noticias\/wp-json\/wp\/v2\/media?parent=96032"}],"wp:term":[{"taxonomy":"category","embeddable":true,"href":"https:\/\/primicias2262.com\/noticias\/wp-json\/wp\/v2\/categories?post=96032"},{"taxonomy":"post_tag","embeddable":true,"href":"https:\/\/primicias2262.com\/noticias\/wp-json\/wp\/v2\/tags?post=96032"}],"curies":[{"name":"wp","href":"https:\/\/api.w.org\/{rel}","templated":true}]}}