{"id":96057,"date":"2022-12-15T18:45:43","date_gmt":"2022-12-15T21:45:43","guid":{"rendered":"https:\/\/primicias2262.com\/?p=96057"},"modified":"2022-12-15T18:45:43","modified_gmt":"2022-12-15T21:45:43","slug":"conoce-las-propuestas-del-instituto-de-estudios-superiores-rio-quequen-de-cara-al-2023","status":"publish","type":"post","link":"https:\/\/primicias2262.com\/noticias\/conoce-las-propuestas-del-instituto-de-estudios-superiores-rio-quequen-de-cara-al-2023\/","title":{"rendered":"Conoc\u00e9 las propuestas del Instituto de Estudios Superiores R\u00edo Quequ\u00e9n de cara al 2023"},"content":{"rendered":"<p style=\"font-weight: 400;\"><strong>La instituci\u00f3n de 58 y 51 no solo ofrece tecnicaturas de tres a\u00f1os de duraci\u00f3n, sino que articula con la Universidad Nacional de Mar del Plata y la Universidad de Ciencias Empresariales y Sociales (UCES).<\/strong><\/p>\n<p style=\"font-weight: 400;\">Para ello estuvo en los estudios de \u201cVoces de la Ciudad\u201d Marcela Abete, quien es la Coordinadora Acad\u00e9mica del R\u00edo Quequ\u00e9n, y que dialog\u00f3 con el periodista Jorge G\u00f3mez a modo de amplia informaci\u00f3n de cara a lo que ofrecer\u00e1 el instituto en 2023.<\/p>\n<p style=\"font-weight: 400;\">En ese sentido, vale destacar que est\u00e1n abiertas las inscripciones del Instituto Superior R\u00edo Quequ\u00e9n para el ciclo lectivo 2023. Sobre el paquete que est\u00e1n ofreciendo, Abete separ\u00f3 los tantos, explicando primeramente que \u201cel instituto en s\u00ed brinda tecnicaturas de nivel superior de tres a\u00f1os de duraci\u00f3n y nosotros nos especializamos en el \u00e1rea de Salud\u201d.<\/p>\n<p style=\"font-weight: 400;\">En ese sentido, \u201ctenemos la Tecnicatura Superior en Radiolog\u00eda; en Enfermer\u00eda; en Instrumentaci\u00f3n Quir\u00fargica; en Hemoterapia; Farmacia Hospitalaria; An\u00e1lisis Cl\u00ednico y nuestra vedette para el a\u00f1o que viene ser\u00e1 la Tecnicatura Superior en Emergencias de Salud\u201d, especific\u00f3 Abete.<\/p>\n<p style=\"font-weight: 400;\">Seguidamente, acot\u00f3 que \u201cla cursada empieza en abril pero en febrero brindamos un curso de ingreso, no es un examen de ingreso, pero s\u00ed es obligatorio el curso para empezar a meterse en la carrera, ya que muchas de las personas que vienen no tienen la misma formaci\u00f3n de base porque los t\u00edtulos secundarios son dis\u00edmiles. Son carreras cortas de tres a\u00f1os\u00a0 con r\u00e1pida salida laboral y con t\u00edtulos oficiales, son tecnicaturas oficiales, no cursos, que les permiten hacer luego la licenciatura de cada carrera mencionada\u201d.<\/p>\n<p style=\"font-weight: 400;\">Incluso, apunt\u00f3 que \u201cte habilita para el ingreso a la carrera m\u00e9dico hospitalaria, que en nuestra ciudad es tan necesaria. Tenemos un cuerpo de profesores que trabaja en el sistema de salud y por lo tanto nuestros alumnos vinculan la teor\u00eda y la pr\u00e1ctica inmediatamente. Estamos a la vanguardia de lo que el sistema de salud necesita y la idea es formar a nuestros estudiantes con lo que necesita el mercado laboral para esas carreras\u201d.<\/p>\n<p style=\"font-weight: 400;\">Para ello, el tel\u00e9fono de la instituci\u00f3n es 2262-438001 o est\u00e1n en las redes Facebook e Instagram constantemente subiendo lo que hacen los alumnos, aunque \u201ctambi\u00e9n invito a la comunidad a que venga a charlar y ver las instalaciones en 58 y 51, de 16 a 20 est\u00e1 Claudia para el Instituto de Estudios Superiores R\u00edo Quequ\u00e9n\u201d, resalt\u00f3.<\/p>\n<p style=\"font-weight: 400;\">Ahora bien, por otra parte Abte recalc\u00f3 que \u201ctenemos sendos convenios firmados con dos universidades: una es la universidad Tecnol\u00f3gica Nacional Regional Mar del Plata y otra es la Universidad de Ciencias Empresariales y Sociales (UCES), y nosotros nos dedicamos a UCES virtual, lo cual significa que el alumno puede cursar desde su casa y a su ritmo, sin tener que tomar clases de manera sincr\u00f3nica ni presencial, solo se rinde de manera presencial los ex\u00e1menes en nuestra sede\u201d.<\/p>\n<p style=\"font-weight: 400;\">Respecto a ello, \u201ctenemos las carreras de grado como Abogac\u00eda, Contador P\u00fablico, Administraci\u00f3n de Empresas, Comercio Exterior, Marketing y Recursos Humanos\u201d, se\u00f1al\u00f3, \u201cpero tambi\u00e9n tenemos lo que se llama Ciclo de Complementaci\u00f3n Curricular, lo que quiere decir que si sos t\u00e9cnico y quer\u00e9s transformarte en licenciado ven\u00eds y curs\u00e1s dos a\u00f1os estas carreras de grado que mencionaba, o tambi\u00e9n Turismo y Hoteler\u00eda, que es muy importante para nosotros, y entonces ten\u00e9s el paquete completo\u201d.<\/p>\n<p style=\"font-weight: 400;\">\u201cEs siempre virtual este tema que tenemos firmado con UCES, y es fundamentalmente para una franja etaria de gente que no puede movilizarse a otro lado o personas que est\u00e1n trabajando y quieren cumplir su sue\u00f1o o completar algo que les qued\u00f3 trunco\u201d, agreg\u00f3 la coordinadora, y en este caso el n\u00famero para comunicarse es 2262-592103 o a trav\u00e9s del correo electr\u00f3nico\u00a0<a href=\"mailto:ucesvirtualnecochea@gmail.com\">ucesvirtualnecochea@gmail.com<\/a>\u00a0.<\/p>\n<p style=\"font-weight: 400;\">\u201cTenemos que potenciar en nuestra ciudad que no se vayan los j\u00f3venes y los no tan j\u00f3venes, que estudien ac\u00e1 y sigan valorizando nuestra ciudad. Soy nacida y criada en Necochea y pienso mucho en propuestas educativas para la ciudad para que no se vayan nuestros j\u00f3venes\u201d, concluy\u00f3 Abete.<\/p>\n","protected":false},"excerpt":{"rendered":"<p>La instituci\u00f3n de 58 y 51 no solo ofrece tecnicaturas de tres a\u00f1os de duraci\u00f3n, sino que articula con la Universidad Nacional de Mar del Plata y la Universidad de Ciencias Empresariales y Sociales (UCES). Para ello estuvo en los estudios de \u201cVoces de la Ciudad\u201d Marcela Abete, quien es la Coordinadora Acad\u00e9mica del R\u00edo [&hellip;]<\/p>\n","protected":false},"author":3,"featured_media":95884,"comment_status":"closed","ping_status":"closed","sticky":false,"template":"","format":"standard","meta":{"footnotes":""},"categories":[3],"tags":[],"class_list":["post-96057","post","type-post","status-publish","format-standard","has-post-thumbnail","category-masnoticias"],"_links":{"self":[{"href":"https:\/\/primicias2262.com\/noticias\/wp-json\/wp\/v2\/posts\/96057","targetHints":{"allow":["GET"]}}],"collection":[{"href":"https:\/\/primicias2262.com\/noticias\/wp-json\/wp\/v2\/posts"}],"about":[{"href":"https:\/\/primicias2262.com\/noticias\/wp-json\/wp\/v2\/types\/post"}],"author":[{"embeddable":true,"href":"https:\/\/primicias2262.com\/noticias\/wp-json\/wp\/v2\/users\/3"}],"replies":[{"embeddable":true,"href":"https:\/\/primicias2262.com\/noticias\/wp-json\/wp\/v2\/comments?post=96057"}],"version-history":[{"count":0,"href":"https:\/\/primicias2262.com\/noticias\/wp-json\/wp\/v2\/posts\/96057\/revisions"}],"wp:attachment":[{"href":"https:\/\/primicias2262.com\/noticias\/wp-json\/wp\/v2\/media?parent=96057"}],"wp:term":[{"taxonomy":"category","embeddable":true,"href":"https:\/\/primicias2262.com\/noticias\/wp-json\/wp\/v2\/categories?post=96057"},{"taxonomy":"post_tag","embeddable":true,"href":"https:\/\/primicias2262.com\/noticias\/wp-json\/wp\/v2\/tags?post=96057"}],"curies":[{"name":"wp","href":"https:\/\/api.w.org\/{rel}","templated":true}]}}