{"id":96060,"date":"2022-12-15T18:55:43","date_gmt":"2022-12-15T21:55:43","guid":{"rendered":"https:\/\/primicias2262.com\/?p=96060"},"modified":"2022-12-15T18:55:43","modified_gmt":"2022-12-15T21:55:43","slug":"desde-este-jueves-el-hospital-modular-se-suma-como-punto-de-vacunacion-covid-19","status":"publish","type":"post","link":"https:\/\/primicias2262.com\/noticias\/desde-este-jueves-el-hospital-modular-se-suma-como-punto-de-vacunacion-covid-19\/","title":{"rendered":"Desde este jueves el Hospital Modular se suma como punto de vacunaci\u00f3n Covid-19"},"content":{"rendered":"<p><strong>El efector ser\u00e1 el tercer puesto designado a tal fin desde el \u00e1rea de Salud municipal, apoyando a los que ya vienen funcionando desde el pasado lunes 5 en los CAPS Fomento de Quequ\u00e9n y Sudoeste.<\/strong><\/p>\n<p>Desde este jueves 15 de diciembre<strong>,\u00a0<\/strong>el Hospital Modular se transformar\u00e1 en el nuevo punto de vacunaci\u00f3n Covid-19, sum\u00e1ndose a las dos postas que estaban funcionando hasta el momento, una en el CAPS\u00a0Fomento de Quequ\u00e9n, en 519 N\u00ba 2267; y la otra en el del\u00a0Sudoeste de Necochea, en la esquina de 58 y 81.<\/p>\n<p>Al respecto, la Secretar\u00eda de Salud municipal, a trav\u00e9s de la Direcci\u00f3n de Atenci\u00f3n Primaria, inform\u00f3 que el horario de atenci\u00f3n en cada nodo ser\u00e1 el que se viene desplegando en el operativo desde el pasado lunes 5, es decir, entre las 8 y las 14.<\/p>\n<p>Los vecinos que no hayan completado el esquema o se hayan dado su \u00faltima dosis hace m\u00e1s de cuatro meses y quieran aplicarse un refuerzo (sea el primero, el segundo o el tercero), podr\u00e1n asistir a estos efectores sin turno previo.<\/p>\n<p>Seg\u00fan explicaron desde la dependencia que encabeza Carina Mazeris, atentos al crecimiento de casos a nivel nacional en las \u00faltimas semanas, y registrado un pico estos \u00faltimos d\u00edas en el distrito, las pol\u00edticas al respecto apuntan a seguir aumentando las medidas de prevenci\u00f3n, sobre todo teniendo en cuenta el flujo de turistas que pronto llegar\u00e1n por la temporada de verano a las ciudades de Necochea y Quequ\u00e9n.<\/p>\n","protected":false},"excerpt":{"rendered":"<p>El efector ser\u00e1 el tercer puesto designado a tal fin desde el \u00e1rea de Salud municipal, apoyando a los que ya vienen funcionando desde el pasado lunes 5 en los CAPS Fomento de Quequ\u00e9n y Sudoeste. Desde este jueves 15 de diciembre,\u00a0el Hospital Modular se transformar\u00e1 en el nuevo punto de vacunaci\u00f3n Covid-19, sum\u00e1ndose a [&hellip;]<\/p>\n","protected":false},"author":3,"featured_media":85983,"comment_status":"closed","ping_status":"closed","sticky":false,"template":"","format":"standard","meta":{"footnotes":""},"categories":[3],"tags":[],"class_list":["post-96060","post","type-post","status-publish","format-standard","has-post-thumbnail","category-masnoticias"],"_links":{"self":[{"href":"https:\/\/primicias2262.com\/noticias\/wp-json\/wp\/v2\/posts\/96060","targetHints":{"allow":["GET"]}}],"collection":[{"href":"https:\/\/primicias2262.com\/noticias\/wp-json\/wp\/v2\/posts"}],"about":[{"href":"https:\/\/primicias2262.com\/noticias\/wp-json\/wp\/v2\/types\/post"}],"author":[{"embeddable":true,"href":"https:\/\/primicias2262.com\/noticias\/wp-json\/wp\/v2\/users\/3"}],"replies":[{"embeddable":true,"href":"https:\/\/primicias2262.com\/noticias\/wp-json\/wp\/v2\/comments?post=96060"}],"version-history":[{"count":0,"href":"https:\/\/primicias2262.com\/noticias\/wp-json\/wp\/v2\/posts\/96060\/revisions"}],"wp:attachment":[{"href":"https:\/\/primicias2262.com\/noticias\/wp-json\/wp\/v2\/media?parent=96060"}],"wp:term":[{"taxonomy":"category","embeddable":true,"href":"https:\/\/primicias2262.com\/noticias\/wp-json\/wp\/v2\/categories?post=96060"},{"taxonomy":"post_tag","embeddable":true,"href":"https:\/\/primicias2262.com\/noticias\/wp-json\/wp\/v2\/tags?post=96060"}],"curies":[{"name":"wp","href":"https:\/\/api.w.org\/{rel}","templated":true}]}}