{"id":96065,"date":"2022-12-15T19:02:56","date_gmt":"2022-12-15T22:02:56","guid":{"rendered":"https:\/\/primicias2262.com\/?p=96065"},"modified":"2022-12-15T19:02:56","modified_gmt":"2022-12-15T22:02:56","slug":"la-comuna-y-et-firmaron-convenio-por-descuentos-para-municipales-en-diferentes-carreras","status":"publish","type":"post","link":"https:\/\/primicias2262.com\/noticias\/la-comuna-y-et-firmaron-convenio-por-descuentos-para-municipales-en-diferentes-carreras\/","title":{"rendered":"La Comuna y E&#038;T firmaron convenio por descuentos para municipales en diferentes carreras"},"content":{"rendered":"<p><em><strong>La r\u00fabrica se llev\u00f3 a cabo entre el intendente Arturo Rojas y autoridades del Centro Universitario Educaci\u00f3n &amp; Tecnolog\u00eda, que cuenta con una generosa oferta educativa<\/strong><\/em>\u00a0<strong><em>y la inscripci\u00f3n para 2023 estar\u00e1 abierta desde el venidero lunes 19 de diciembre.<\/em><\/strong><\/p>\n<p>El intendente municipal, Arturo Rojas, firm\u00f3 este mi\u00e9rcoles un convenio marco de colaboraci\u00f3n con autoridades del Centro Educativo Universitario E&amp;T, con el objetivo de otorgar un 10% de descuento para trabajadores municipales y su grupo familiar en las distintas carreras que ofrece la instituci\u00f3n de calle 40 N\u00ba 2854, entre 57 y 59.<\/p>\n<p>Del encuentro participaron la secretaria de Desarrollo Humano, Sandra Antenucci; y la directora de Educaci\u00f3n, Mariela Cellerino, quien posteriormente a la firma en el despacho del Intendente resalt\u00f3 la articulaci\u00f3n con E&amp;T junto al director de dicha centro educativo, Ricardo Marino, quien en la oportunidad estuvo acompa\u00f1ado por el presidente de la instituci\u00f3n, Alfredo Astesano, y la representante legal, Valeria Astesano.<\/p>\n<p>El hecho de firmar un convenio por descuento para los trabajadores municipales y sus familias para poder acceder a la propuesta educativa de la Universidad \u201ces muy importante\u201d subray\u00f3 Cellerino, al igual que \u201cpoder desarrollar pr\u00e1cticas profesionalizantes y contar nosotros con futuros profesionales que se puedan ir formando y dejando su huella. Es fundamental el trabajo articulado y hay que fortalecerlo\u201d.<\/p>\n<p>Por su parte, Marino subray\u00f3 que \u201cnosotros en la parte de educaci\u00f3n ya hace 30 a\u00f1os que estamos trabajando y esto tiene el objetivo de otorgar descuentos a trabajadores municipales y su grupo familiar directo, ya sea en carreras universitarias, terciarias, cursos de formaci\u00f3n y toda la oferta acad\u00e9mica que tenemos\u201d.<\/p>\n<p>Para ello, Marino especific\u00f3 que los interesados en anotarse deber\u00e1n presentar la certificaci\u00f3n laboral en el instituto de calle 40 al 2800, y\u00a0<strong>el periodo de inscripci\u00f3n para el ciclo lectivo 2023 estar\u00e1 abierto a partir de este lunes 19 de diciembre hasta marzo del a\u00f1o que viene.<\/strong><\/p>\n<p>\u201cTodos los a\u00f1os se van incorporando nuevas carreras y propuestas educativas para la comunidad y la zona de influencia\u201d, destac\u00f3 el directivo, para profundizar que \u201cpara el a\u00f1o que viene se firm\u00f3 un convenio con el Instituto Universitario River Plate para carreras de deportes: se trae el Profesorado Universitario en Educaci\u00f3n F\u00edsica; la Licenciatura de Complemento en Educaci\u00f3n F\u00edsica y Deporte; y la Licenciatura de Complemento en Periodista Deportivo\u201d.<\/p>\n<p>Finalmente, valor\u00f3 Marino que \u201ctenemos alumnos que se recibieron, han hecho pasant\u00edas en el municipio y han quedado como planta permanente, siempre nos han acompa\u00f1ado desde el municipio y ahora estamos con la propuesta de las universidades para poder hacer pr\u00e1cticas profesionales y dem\u00e1s actividades\u201d.<\/p>\n<p><strong>A continuaci\u00f3n, se comparte la oferta educativa de E&amp;T:\u00a0<\/strong>Direcci\u00f3n, Calle 40 N\u00ba 2854, Tel\u00e9fono:\u00a0\u00a002262-339949 y WhatsApp : 02262-339949<\/p>\n<p><strong>CARRERAS DE GRADO\u00a0<\/strong><\/p>\n<p>Abogac\u00eda. (5 a\u00f1os)<\/p>\n<p>Contador P\u00fablico. (4 a\u00f1os)<\/p>\n<p>Lic. Administraci\u00f3n de Empresas. (4 a\u00f1os)<\/p>\n<p>Lic. en Relaciones Internacionales. (4 a\u00f1os)<\/p>\n<p>Lic. Comercializaci\u00f3n (4 a\u00f1os)<\/p>\n<p>Lic. En Relaciones P\u00fablicas e Institucionales (4 a\u00f1os)<\/p>\n<p>Lic. en Econom\u00eda (4 a\u00f1os)<\/p>\n<p>Lic. en Recursos Humanos. (4 a\u00f1os)<\/p>\n<p>Lic. En Eficiencia Energ\u00e9tica (4 a\u00f1os).<\/p>\n<p>Lic. en Administraci\u00f3n Agropecuaria (4 a\u00f1os)<\/p>\n<p><strong>TECNICATURAS<\/strong><\/p>\n<p>Gesti\u00f3n de Bancos y Empresas Financieras (3 a\u00f1os)<\/p>\n<p>Secretariado Ejecutivo. (2 a\u00f1os)<\/p>\n<p>Ceremonial y Protocolo. (2 a\u00f1os)<\/p>\n<p>Higiene y Seguridad en el Trabajo (3 a\u00f1os)<\/p>\n<p>Tecnicatura Universitaria en Seguros (3 a\u00f1os)<\/p>\n<p>Tecnicatura Universitaria en Gesti\u00f3n de la Calidad (2 a\u00f1os y medio)<\/p>\n<p>Tecnicatura Universitaria en Martillero P\u00fablico y Corredor Inmobiliario (2 a\u00f1os y medio)<\/p>\n<p>Administraci\u00f3n con Orientaci\u00f3n en Pyme. (2 a\u00f1os y medio)<\/p>\n<p>Hoteler\u00eda y Turismo. (2 a\u00f1os)<\/p>\n<p>Turismo (3 a\u00f1os)<\/p>\n<p>Log\u00edstica. (2 a\u00f1os)<\/p>\n<p>Comercializaci\u00f3n (2 a\u00f1os y medio)<\/p>\n<p>Comercio Internacional. (2 a\u00f1os y medio)<\/p>\n<p>Producci\u00f3n Agraria. (2 a\u00f1os y medio)<\/p>\n<p>Analista en Sistemas. (3 a\u00f1os)<\/p>\n<p>Administraci\u00f3n y Gesti\u00f3n de Recursos Humanos (3 A\u00f1os)<\/p>\n<p>M\u00e1rketing. (3 a\u00f1os)<\/p>\n<p>Administrador de p\u00e1gina web. (3 a\u00f1os)<\/p>\n<p>Telecomunicaciones. (3 a\u00f1os)<\/p>\n<p>Desarrollo de Software (3 a\u00f1os)<\/p>\n<p>Marketing Digital (3 a\u00f1os)<\/p>\n<p>Recursos Humanos (3 a\u00f1os)<\/p>\n<p>Tecnicatura en Seguridad Inform\u00e1tica (2 a\u00f1os y medio)<\/p>\n<p>Tecnicatura superior en gesti\u00f3n ambiental (3 a\u00f1os)<\/p>\n<p>Tecnicatura superior en gesti\u00f3n de las energ\u00edas renovables (3 a\u00f1os)<\/p>\n<p><strong>LICENCIATURAS DE COMPLEMENTO\u00a0<\/strong><\/p>\n<p>Lic. en seguridad<\/p>\n<p>Lic. en Higiene y Seguridad en el Trabajo<\/p>\n<p>Lic. en Log\u00edstica Integral<\/p>\n<p>Lic. en Hoteler\u00eda y Turismo<\/p>\n<p>Lic. en Periodismo<\/p>\n<p>Lic. en Agroempresas<\/p>\n<p>Lic. en Log\u00edstica Integral<\/p>\n<p>Lic. en Hoteler\u00eda y Turismo<\/p>\n<p>Lic. en Periodismo<\/p>\n<p>Lic. En Gesti\u00f3n Educativa<\/p>\n<p>Lic. en Turismo<\/p>\n<p>Lic. en Educaci\u00f3n F\u00edsica<\/p>\n<p>Lic. en ingles<\/p>\n<p>Lic. en Educaci\u00f3n.<\/p>\n<p>Lic. en Archivolog\u00eda<\/p>\n<p>Licenciatura en Criminolog\u00eda<\/p>\n<p>Licenciatura en Dise\u00f1o y Comunicaci\u00f3n Transmedia<\/p>\n<p>Especializaci\u00f3n en Inform\u00e1tica Forense<\/p>\n<p>Especializaci\u00f3n en Planificaci\u00f3n y Gesti\u00f3n Estrat\u00e9gica de Proyectos Educativos<\/p>\n<p>Licenciatura en Gesti\u00f3n del Talento Humano<\/p>\n<p>Licenciatura en Corretaje Inmobiliario<\/p>\n<p><strong>IDIOMAS\u00a0\u00a0<\/strong><\/p>\n<p>Ingl\u00e9s inicial e intermedio. Presencial<\/p>\n<p>Italiano. Presencial<\/p>\n<p><strong>BACHILLERATO ACELERADO PARA ADULTOS<\/strong><\/p>\n<p>Se finaliza en 2 a\u00f1os o menos<\/p>\n<p><strong>CURSOS<\/strong><\/p>\n<p>Auxiliar de farmacia<\/p>\n<p>Acompa\u00f1ante terap\u00e9utico<\/p>\n<p>Nutrici\u00f3n deportiva<\/p>\n<p>Neurociencias aplicadas al deporte<\/p>\n<p>Neurociencias aplicadas a la educaci\u00f3n<\/p>\n<p>Neurociencias aplicadas a las ventas<\/p>\n<p>Entrenador Personal<\/p>\n<p>Psicolog\u00eda social<\/p>\n<p>Psicolog\u00eda organizacional<\/p>\n<p>Preceptor\u00eda<\/p>\n<p>Ceremonial y protocolo<\/p>\n<p>liquidacion de sueldos<\/p>\n<p>liquidaci\u00f3n de impuestos<\/p>\n<p>Gerente de comunidad.<\/p>\n<p>Administraci\u00f3n en Salud (Secretariado m\u00e9dico) PRESENCIAL<\/p>\n<p>Estimulaci\u00f3n temprana. PRESENCIAL<\/p>\n<p>Psicolog\u00eda del paciente. PRESENCIAL<\/p>\n","protected":false},"excerpt":{"rendered":"<p>La r\u00fabrica se llev\u00f3 a cabo entre el intendente Arturo Rojas y autoridades del Centro Universitario Educaci\u00f3n &amp; Tecnolog\u00eda, que cuenta con una generosa oferta educativa\u00a0y la inscripci\u00f3n para 2023 estar\u00e1 abierta desde el venidero lunes 19 de diciembre. El intendente municipal, Arturo Rojas, firm\u00f3 este mi\u00e9rcoles un convenio marco de colaboraci\u00f3n con autoridades del [&hellip;]<\/p>\n","protected":false},"author":3,"featured_media":96066,"comment_status":"closed","ping_status":"closed","sticky":false,"template":"","format":"standard","meta":{"footnotes":""},"categories":[3],"tags":[],"class_list":["post-96065","post","type-post","status-publish","format-standard","has-post-thumbnail","category-masnoticias"],"_links":{"self":[{"href":"https:\/\/primicias2262.com\/noticias\/wp-json\/wp\/v2\/posts\/96065","targetHints":{"allow":["GET"]}}],"collection":[{"href":"https:\/\/primicias2262.com\/noticias\/wp-json\/wp\/v2\/posts"}],"about":[{"href":"https:\/\/primicias2262.com\/noticias\/wp-json\/wp\/v2\/types\/post"}],"author":[{"embeddable":true,"href":"https:\/\/primicias2262.com\/noticias\/wp-json\/wp\/v2\/users\/3"}],"replies":[{"embeddable":true,"href":"https:\/\/primicias2262.com\/noticias\/wp-json\/wp\/v2\/comments?post=96065"}],"version-history":[{"count":0,"href":"https:\/\/primicias2262.com\/noticias\/wp-json\/wp\/v2\/posts\/96065\/revisions"}],"wp:attachment":[{"href":"https:\/\/primicias2262.com\/noticias\/wp-json\/wp\/v2\/media?parent=96065"}],"wp:term":[{"taxonomy":"category","embeddable":true,"href":"https:\/\/primicias2262.com\/noticias\/wp-json\/wp\/v2\/categories?post=96065"},{"taxonomy":"post_tag","embeddable":true,"href":"https:\/\/primicias2262.com\/noticias\/wp-json\/wp\/v2\/tags?post=96065"}],"curies":[{"name":"wp","href":"https:\/\/api.w.org\/{rel}","templated":true}]}}