{"id":96068,"date":"2022-12-16T15:32:29","date_gmt":"2022-12-16T18:32:29","guid":{"rendered":"https:\/\/primicias2262.com\/?p=96068"},"modified":"2022-12-16T15:32:29","modified_gmt":"2022-12-16T18:32:29","slug":"el-concejo-de-necochea-designo-al-ano-2023-como-40o-aniversario-del-retorno-a-la-democracia","status":"publish","type":"post","link":"https:\/\/primicias2262.com\/noticias\/el-concejo-de-necochea-designo-al-ano-2023-como-40o-aniversario-del-retorno-a-la-democracia\/","title":{"rendered":"El Concejo de Necochea design\u00f3 al a\u00f1o 2023 como \u201c40\u00ba aniversario del retorno a la democracia\u201d"},"content":{"rendered":"<p><strong>Un proyecto de ordenanza aprobado por unanimidad as\u00ed lo consigna. En diciembre del pr\u00f3ximo a\u00f1o se estar\u00e1n cumpliendo cuatro d\u00e9cadas de la restauraci\u00f3n del sistema democr\u00e1tico argentino. La norma dispuso, adem\u00e1s, \u201cde manera obligatoria que durante todo el a\u00f1o 2023 toda la documentaci\u00f3n oficial, ya sea en soporte digital como en papel, de todos los \u00e1mbitos municipales lleve la leyenda \u201c2023 &#8211; 40\u00b0 ANIVERSARIO DEL RETORNO A LA DEMOCRACIA\u201d.<\/strong><\/p>\n<p><strong>Por Jorge G\u00f3mez<\/strong><\/p>\n<p><a href=\"https:\/\/primicias2262.com\/wp-content\/uploads\/2021\/08\/Gomez.jpg\"><img loading=\"lazy\" decoding=\"async\" class=\"alignleft size-thumbnail wp-image-80409\" src=\"https:\/\/primicias2262.com\/wp-content\/uploads\/2021\/08\/Gomez-150x150.jpg\" alt=\"\" width=\"150\" height=\"150\" \/><\/a>El Concejo Deliberante de Necochea declar\u00f3 el pr\u00f3ximo a\u00f1o 2023 sea designado en las diversas actuaciones de la comuna local como \u201c40\u00ba aniversario del retorno a la democracia\u201d, en alusi\u00f3n a que el 10 de diciembre del venidero ejercicio se estar\u00e1n cumpliendo cuatro d\u00e9cadas de la restauraci\u00f3n del sistema democr\u00e1tico argentino.<\/p>\n<p>Tal lo que surge de un proyecto de ordenanza aprobado por unanimidad en el marco de una sesi\u00f3n ordinaria. La iniciativa fue elaborada y puesta a resoluci\u00f3n de los ediles por\u00a0 parte del bloque de concejales de la UCR\/Juntos.<\/p>\n<p>La norma en cuesti\u00f3n dispuso, adem\u00e1s, \u201cde manera obligatoria que durante todo el a\u00f1o 2023 toda la documentaci\u00f3n oficial, ya sea en soporte digital como en papel, de todos los \u00e1mbitos municipales lleve la leyenda \u201c2023 &#8211; 40\u00b0 ANIVERSARIO DEL RETORNO A LA DEMOCRACIA\u201d.<\/p>\n<p>Tambi\u00e9n plante\u00f3, en la parte resolutiva del proyecto aprobado, que el Departamento Ejecutivo \u201cpromover\u00e1 actividades que contribuyan a la difusi\u00f3n de la importancia de los valores democr\u00e1ticos, su pasado, presente y futuro, para lo cual constituir\u00e1 una comisi\u00f3n integrada por representantes de los diferentes bloques y del Ejecutivo de las \u00e1reas que el mismo estime corresponda\u201d.<\/p>\n<p>El texto completo sancionado por el HCD, puesto a consideraci\u00f3n en el marco de la sesi\u00f3n llevada a cabo este \u00faltimo jueves 15 de diciembre, se\u00f1ala lo siguiente:<\/p>\n<p>VISTO:<\/p>\n<p>Que en el 2023 se cumple un hecho de gran relevancia para nuestro pa\u00eds, el 40 Aniversario del retorno de la Democracia, siendo \u00e9ste el per\u00edodo de democracia ininterrumpida m\u00e1s largo de nuestra historia como naci\u00f3n independiente, y<\/p>\n<p>CONSIDERANDO<\/p>\n<p>Que apenas levantada la veda por el gobierno militar, la participaci\u00f3n ciudadana se reflej\u00f3 en diversas concentraciones en sitios eminentemente simb\u00f3licos, como la Plaza de Mayo o Plaza Lavalle;<\/p>\n<p>Que los actos de cierre de campa\u00f1a de los partidos pol\u00edticos que se presentaban a las elecciones fueron un \u00e9xito al reflejar el vigor c\u00edvico que se cre\u00eda sofocado, con participaci\u00f3n masiva de la ciudadan\u00eda esperanzada en dejar atr\u00e1s los oscuros a\u00f1os de la dictadura;<\/p>\n<p>Que el 30 de Octubre de 1983 se celebr\u00f3 finalmente una de nuestras mejores costumbres: ejercer el derecho a elegir y ser elegidos para ocupar cargos p\u00fablicos y as\u00ed representar la voluntad del pueblo, se celebr\u00f3 la democracia;<\/p>\n<p>Que el 29 de Noviembre se constituyeron ambas c\u00e1maras del Congreso Nacional y el 7 de Diciembre se proclamaban a los mandatarios electos: Presidente Dr. Ra\u00fal Alfons\u00edn, Vicepresidente V\u00edctor Mart\u00ednez;<\/p>\n<p>Que el Presidente Dr. Ra\u00fal Alfons\u00edn solicit\u00f3 asumir el 10 de diciembre, D\u00eda Internacional de los Derechos Humanos, la fecha que marcar\u00eda el inicio de lo mejor de la pol\u00edtica: las promesas electorales se transformaban en acciones concretas;<\/p>\n<p>Que el flamante gobierno democr\u00e1tico trabaj\u00f3 activamente para preservar la Memoria, buscar un\u00edvocamente la Verdad y llevar Justicia para el pueblo argentino. De all\u00ed lo imprescindible para que ello suceda: el Decreto 158 que ordena el Juicio a las Juntas Militares, el Decreto 187 que crea la Comisi\u00f3n Nacional sobre la Desaparici\u00f3n de las Personas (CONADEP), La Ley de La Defensa de la Democracia, la reforma el c\u00f3digo penal para la tortura pase a ser considerada como uno de los delitos m\u00e1s graves, la Ley 23.511 \u201cCreaci\u00f3n del Banco Nacional de Datos Gen\u00e9ticos (BNDG)\u201d;<\/p>\n<p>Que tambi\u00e9n se establecieron Leyes que ampliaban derechos: la igualdad jur\u00eddica de los hijos e hijas, reforma de la Ley de Patria Potestad, se logr\u00f3 el divorcio vincular. En el mismo sentido fueron reconocidos los aportes jubilatorios de los declarados cesantes y\/o prescindibles por razones pol\u00edticas y\/o gremiales;<\/p>\n<p>Que las ideas de libertad y consenso, de disenso y respeto por las opiniones de los otros, de la defensa de la vida, la paz y la b\u00fasqueda continua, perpetua e inclaudicable de soluciones a nuestros problemas para que no se repita Nunca M\u00e1s nuestro pasado, son el camino para comprender nuestra historia y honrar la memoria de las v\u00edctimas de la dictadura;<\/p>\n<p>Que por ello entendemos la democracia como un bien invaluable e inalienable, como el sistema que permite la coexistencia de lo diverso, la discusi\u00f3n, el enfrentamiento de fracciones con ideas distintas, siempre dentro del ambiente de libertad individual;<\/p>\n<p>Que la cultura y los derechos conquistados por medio del sistema democr\u00e1tico a lo largo de todo este tiempo, no se sostienen sino a trav\u00e9s de una de las m\u00e1ximas ense\u00f1anzas que nos dejara el Presidente Dr. Ra\u00fal Alfons\u00edn: \u201cSigan a las ideas, no sigan a los hombres. Los hombres pasan, las ideas quedan y se transforman en antorchas que mantienen viva a la pol\u00edtica democr\u00e1tica\u201d;<\/p>\n<p>Que la democracia necesita que el conjunto de la sociedad exprese su compromiso representativo y republicano. Es ese compromiso que mantenemos desde hace 40 a\u00f1os, el que nos permite distinguir la trascendencia hist\u00f3rica del Presidente Dr. Ra\u00fal Alfons\u00edn en el reconocimiento transversal de todos los espacios pol\u00edticos. Porque construy\u00f3 pensando en qu\u00e9 deb\u00eda hacerse en ese tiempo hist\u00f3rico, dejando un legado de democracia a largo plazo, y en c\u00f3mo hacerlo, para que fuera intr\u00ednseca a la cultura pol\u00edtica de nuestra sociedad;<\/p>\n<p>POR TODO ELLO, EL BLOQUE DE CONCEJALES UCR\/JUNTOS, ELEVA PARA SU CONSIDERACI\u00d3N EL SIGUIENTE PROYECTO DE:<\/p>\n<p>O R D E N A N Z A<\/p>\n<p>Art\u00edculo 1\u00ba: Decl\u00e1rese el A\u00f1o 2023 como \u201c40\u00b0 ANIVERSARIO DEL RETORNO A LA DEMOCRACIA\u201d.<\/p>\n<p>Art\u00edculo 2\u00ba: Disp\u00f3ngase de manera obligatoria que durante todo el a\u00f1o 2023 toda la documentaci\u00f3n oficial, ya sea en soporte digital como en papel, de todos los \u00e1mbitos municipales lleve la leyenda \u201c2023 &#8211; 40\u00b0 ANIVERSARIO DEL RETORNO A LA DEMOCRACIA\u201d.<\/p>\n<p>Art\u00edculo 3\u00ba: El Departamento Ejecutivo promover\u00e1 actividades que contribuyan a la difusi\u00f3n de la importancia de los valores democr\u00e1ticos, su pasado, presente y futuro, para lo cual constituir\u00e1 una comisi\u00f3n integrada por representantes de los diferentes bloques y del Ejecutivo de las \u00e1reas que el mismo estime corresponda.<\/p>\n<p>Art\u00edculo 4\u00ba: Apru\u00e9bese con sus vistos y considerandos.<\/p>\n","protected":false},"excerpt":{"rendered":"<p>Un proyecto de ordenanza aprobado por unanimidad as\u00ed lo consigna. En diciembre del pr\u00f3ximo a\u00f1o se estar\u00e1n cumpliendo cuatro d\u00e9cadas de la restauraci\u00f3n del sistema democr\u00e1tico argentino. La norma dispuso, adem\u00e1s, \u201cde manera obligatoria que durante todo el a\u00f1o 2023 toda la documentaci\u00f3n oficial, ya sea en soporte digital como en papel, de todos los [&hellip;]<\/p>\n","protected":false},"author":3,"featured_media":85504,"comment_status":"closed","ping_status":"closed","sticky":false,"template":"","format":"standard","meta":{"footnotes":""},"categories":[3],"tags":[],"class_list":["post-96068","post","type-post","status-publish","format-standard","has-post-thumbnail","category-masnoticias"],"_links":{"self":[{"href":"https:\/\/primicias2262.com\/noticias\/wp-json\/wp\/v2\/posts\/96068","targetHints":{"allow":["GET"]}}],"collection":[{"href":"https:\/\/primicias2262.com\/noticias\/wp-json\/wp\/v2\/posts"}],"about":[{"href":"https:\/\/primicias2262.com\/noticias\/wp-json\/wp\/v2\/types\/post"}],"author":[{"embeddable":true,"href":"https:\/\/primicias2262.com\/noticias\/wp-json\/wp\/v2\/users\/3"}],"replies":[{"embeddable":true,"href":"https:\/\/primicias2262.com\/noticias\/wp-json\/wp\/v2\/comments?post=96068"}],"version-history":[{"count":0,"href":"https:\/\/primicias2262.com\/noticias\/wp-json\/wp\/v2\/posts\/96068\/revisions"}],"wp:attachment":[{"href":"https:\/\/primicias2262.com\/noticias\/wp-json\/wp\/v2\/media?parent=96068"}],"wp:term":[{"taxonomy":"category","embeddable":true,"href":"https:\/\/primicias2262.com\/noticias\/wp-json\/wp\/v2\/categories?post=96068"},{"taxonomy":"post_tag","embeddable":true,"href":"https:\/\/primicias2262.com\/noticias\/wp-json\/wp\/v2\/tags?post=96068"}],"curies":[{"name":"wp","href":"https:\/\/api.w.org\/{rel}","templated":true}]}}