{"id":96070,"date":"2022-12-16T15:34:29","date_gmt":"2022-12-16T18:34:29","guid":{"rendered":"https:\/\/primicias2262.com\/?p=96070"},"modified":"2022-12-16T15:34:29","modified_gmt":"2022-12-16T18:34:29","slug":"municipio-relisa-es-una-cuestion-que-engloba-a-todo-el-arco-politico-y-hay-que-resolverla","status":"publish","type":"post","link":"https:\/\/primicias2262.com\/noticias\/municipio-relisa-es-una-cuestion-que-engloba-a-todo-el-arco-politico-y-hay-que-resolverla\/","title":{"rendered":"Municipio-RELISA: \u201cEs una cuesti\u00f3n que engloba a todo el arco pol\u00edtico y hay que resolverla\u201d"},"content":{"rendered":"<p><strong>As\u00ed lo remarc\u00f3 el concejal del Frente de Todos, Mauro Vel\u00e1zquez, quien dej\u00f3 entrever que el tema no da para la chicana pol\u00edtica y que hay un consenso general en todo el arco pol\u00edtico local sobre la cuesti\u00f3n de fondo.<\/strong><\/p>\n<p>En nota telef\u00f3nica realizada por el periodista Jorge G\u00f3mez en \u201cVoces de la Ciudad\u201d, el edil hizo foco en el proyecto del nuevo marco de relaci\u00f3n entre el municipio y la empresa RELISA, que contempla el pago de la deuda millonaria con un 20% menos y con el condicionante de construir RELISA una planta de clasificaci\u00f3n de los residuos.<\/p>\n<p>Como primera impresi\u00f3n, Vel\u00e1zquez coment\u00f3 que esta semana cuando fueron reunidos en el despacho del 1\u00ba Piso de la comuna por Arturo Rojas. \u201cEl Intendente nos hizo un raconto de esto que data desde 1998 hasta la actualidad\u2026 es muy extenso y se hizo la primera comisi\u00f3n en el Concejo Deliberante donde leyeron el proyecto de ordenanza. Realmente hay que tener mucha responsabilidad en este tema, engloba a todo el arco pol\u00edtico y no da para la chicana pol\u00edtica\u201d.<\/p>\n<p>En esa misma l\u00ednea, acot\u00f3 que \u201ces una cuesti\u00f3n de Estado que hay que resolverla, de las llamadas \u201cfierros calientes\u201d, pero nos han votado para resolver estos temas importantes, hay que sentarse y leer mucho, y desasnar todas las dudas en virtud del fondo, donde creo que estamos todos de acuerdo que hay que resolverlo en funci\u00f3n del medio ambiente que es prioridad, adem\u00e1s de lo financiero y econ\u00f3mico para la Municipalidad\u201d.<\/p>\n<p>Finalmente, insisti\u00f3 Vel\u00e1zquez en que \u201cestamos de acuerdo en el tema de fondo, es m\u00e1s, la gesti\u00f3n anterior (de Facundo L\u00f3pez, en la cual \u00e9l se desempe\u00f1\u00f3 como funcionario) tambi\u00e9n tuvo intenciones de poder resolverlo y lamentablemente se trunc\u00f3 y no se pudo, pero son cuestiones de Estado que hay que resolverlas, despu\u00e9s veremos la letra chica y si es viable o no, pero hay que resolverlo\u201d.<\/p>\n","protected":false},"excerpt":{"rendered":"<p>As\u00ed lo remarc\u00f3 el concejal del Frente de Todos, Mauro Vel\u00e1zquez, quien dej\u00f3 entrever que el tema no da para la chicana pol\u00edtica y que hay un consenso general en todo el arco pol\u00edtico local sobre la cuesti\u00f3n de fondo. En nota telef\u00f3nica realizada por el periodista Jorge G\u00f3mez en \u201cVoces de la Ciudad\u201d, el [&hellip;]<\/p>\n","protected":false},"author":3,"featured_media":96071,"comment_status":"closed","ping_status":"closed","sticky":false,"template":"","format":"standard","meta":{"footnotes":""},"categories":[3],"tags":[],"class_list":["post-96070","post","type-post","status-publish","format-standard","has-post-thumbnail","category-masnoticias"],"_links":{"self":[{"href":"https:\/\/primicias2262.com\/noticias\/wp-json\/wp\/v2\/posts\/96070","targetHints":{"allow":["GET"]}}],"collection":[{"href":"https:\/\/primicias2262.com\/noticias\/wp-json\/wp\/v2\/posts"}],"about":[{"href":"https:\/\/primicias2262.com\/noticias\/wp-json\/wp\/v2\/types\/post"}],"author":[{"embeddable":true,"href":"https:\/\/primicias2262.com\/noticias\/wp-json\/wp\/v2\/users\/3"}],"replies":[{"embeddable":true,"href":"https:\/\/primicias2262.com\/noticias\/wp-json\/wp\/v2\/comments?post=96070"}],"version-history":[{"count":0,"href":"https:\/\/primicias2262.com\/noticias\/wp-json\/wp\/v2\/posts\/96070\/revisions"}],"wp:attachment":[{"href":"https:\/\/primicias2262.com\/noticias\/wp-json\/wp\/v2\/media?parent=96070"}],"wp:term":[{"taxonomy":"category","embeddable":true,"href":"https:\/\/primicias2262.com\/noticias\/wp-json\/wp\/v2\/categories?post=96070"},{"taxonomy":"post_tag","embeddable":true,"href":"https:\/\/primicias2262.com\/noticias\/wp-json\/wp\/v2\/tags?post=96070"}],"curies":[{"name":"wp","href":"https:\/\/api.w.org\/{rel}","templated":true}]}}