{"id":96097,"date":"2022-12-19T00:19:44","date_gmt":"2022-12-19T03:19:44","guid":{"rendered":"https:\/\/primicias2262.com\/?p=96097"},"modified":"2022-12-19T00:19:44","modified_gmt":"2022-12-19T03:19:44","slug":"murio-el-dirigente-local-ramiro-mailland","status":"publish","type":"post","link":"https:\/\/primicias2262.com\/noticias\/murio-el-dirigente-local-ramiro-mailland\/","title":{"rendered":"Muri\u00f3 el dirigente local Ramiro Mailland"},"content":{"rendered":"<p><strong>Cay\u00f3 de una escalera en su vivienda de la calle 63 al 2056<\/strong><\/p>\n<p>El dirigente pol\u00edtico necochense Ramiro Mailland muri\u00f3 en el mediod\u00eda de este s\u00e1bado, como consecuencia de haber ca\u00eddo de una escalera en su vivienda particular. Tenia 59 a\u00f1os y\u00a0 pres\u00edd\u00eda la Ucede local.<\/p>\n<p>Mailland, que vivi\u00f3 varios a\u00f1os en los Estados Unidos, milit\u00f3 en su juventud en la Uni\u00f3n C\u00edvica Radical de Necochea. As\u00ed lo record\u00f3 el Comit\u00e9 Emiliano Ab\u00e1solo, al lamentar \u201ccon profunda tristeza\u201d su deceso.<\/p>\n<p>\u201cEn el recuerdo nos queda c\u00f3mo, all\u00e1 por diciembre de 1982, cuando militaba junto a nosotros en la Uni\u00f3n C\u00edvica Radical, el trabajo que realiz\u00f3 para restaurar la Sala de la Juventud Radical Sergio Karakachoff\u201d, public\u00f3 la UCR. Al tiempo que manifestaron el acompa\u00f1amiento a la familia de Mailland y \u201cen particular a su pareja, Betina Izzo, en tan dif\u00edcil momento\u201d.<\/p>\n<p>Ramiro Mailland fue candidato a concejal por el partido Avanza Libertad en las \u00faltimas elecciones legislativas.\u00a0 Se hallaba militando en la corriente denominada \u201clibertaria\u201d, teniendo como referente a Jos\u00e9 Luis Espert.<\/p>\n<p>Una ambulancia del Same lleg\u00f3 a la vivienda donde\u00a0Mailland\u00a0ya se encontraba sin vida y su cuerpo fue trasladado a la morgue del Hospital Municipal \u00abDr. Emilio Ferreyra\u00bb, donde se le realizar\u00e1 la autopsia correspondiente.<\/p>\n<p>Por el momento la causa qued\u00f3 caratulada \u201caveriguaci\u00f3n de causales de muerte\u201d con intervenci\u00f3n de la Fiscal\u00eda\u00a0N\u00b0 10.<\/p>\n<p>Los restos de Ramiro Mailland son velados en una de las salas de la empresa Depierro-Picardi, de calle 69 entre 58 y 60, en el horario de 17 a 20.<\/p>\n<p><strong>FUENTE: elciudadanonecochea.com.ar<\/strong><\/p>\n","protected":false},"excerpt":{"rendered":"<p>Cay\u00f3 de una escalera en su vivienda de la calle 63 al 2056 El dirigente pol\u00edtico necochense Ramiro Mailland muri\u00f3 en el mediod\u00eda de este s\u00e1bado, como consecuencia de haber ca\u00eddo de una escalera en su vivienda particular. Tenia 59 a\u00f1os y\u00a0 pres\u00edd\u00eda la Ucede local. Mailland, que vivi\u00f3 varios a\u00f1os en los Estados Unidos, [&hellip;]<\/p>\n","protected":false},"author":3,"featured_media":96098,"comment_status":"closed","ping_status":"closed","sticky":false,"template":"","format":"standard","meta":{"footnotes":""},"categories":[3],"tags":[],"class_list":["post-96097","post","type-post","status-publish","format-standard","has-post-thumbnail","category-masnoticias"],"_links":{"self":[{"href":"https:\/\/primicias2262.com\/noticias\/wp-json\/wp\/v2\/posts\/96097","targetHints":{"allow":["GET"]}}],"collection":[{"href":"https:\/\/primicias2262.com\/noticias\/wp-json\/wp\/v2\/posts"}],"about":[{"href":"https:\/\/primicias2262.com\/noticias\/wp-json\/wp\/v2\/types\/post"}],"author":[{"embeddable":true,"href":"https:\/\/primicias2262.com\/noticias\/wp-json\/wp\/v2\/users\/3"}],"replies":[{"embeddable":true,"href":"https:\/\/primicias2262.com\/noticias\/wp-json\/wp\/v2\/comments?post=96097"}],"version-history":[{"count":0,"href":"https:\/\/primicias2262.com\/noticias\/wp-json\/wp\/v2\/posts\/96097\/revisions"}],"wp:attachment":[{"href":"https:\/\/primicias2262.com\/noticias\/wp-json\/wp\/v2\/media?parent=96097"}],"wp:term":[{"taxonomy":"category","embeddable":true,"href":"https:\/\/primicias2262.com\/noticias\/wp-json\/wp\/v2\/categories?post=96097"},{"taxonomy":"post_tag","embeddable":true,"href":"https:\/\/primicias2262.com\/noticias\/wp-json\/wp\/v2\/tags?post=96097"}],"curies":[{"name":"wp","href":"https:\/\/api.w.org\/{rel}","templated":true}]}}