{"id":96100,"date":"2022-12-19T00:42:20","date_gmt":"2022-12-19T03:42:20","guid":{"rendered":"https:\/\/primicias2262.com\/?p=96100"},"modified":"2022-12-19T00:42:20","modified_gmt":"2022-12-19T03:42:20","slug":"una-multitud-en-la-costa-necochense-para-celebrar-el-mundial","status":"publish","type":"post","link":"https:\/\/primicias2262.com\/noticias\/una-multitud-en-la-costa-necochense-para-celebrar-el-mundial\/","title":{"rendered":"Una multitud en la costa necochense para celebrar el Mundial"},"content":{"rendered":"<p><strong>La Av. 2 luci\u00f3 como pocas veces en la historia, con una marea celeste y blanca que se extendi\u00f3 hasta horas de la noche de este domingo 18 de diciembre que quedar\u00e1 en la memoria de todos los argentinos.<\/strong><\/p>\n<p>Ni bien termin\u00f3 la serie de penales y una de las finales m\u00e1s atrapantes de los Mundiales en la historia del f\u00fatbol, o bien, una vez que Lionel Messi levant\u00f3 la Copa del Mundo y protagoniz\u00f3 una de las fotos acaso m\u00e1s imaginadas por los argentinos en la \u00faltima d\u00e9cada, la Av. 2 de Necochea, en el sector de la rambla, se fue poblando de hinchas, vecinos y familias que llegaban efusivas desde una eterna caravana que se divid\u00eda en las distintas arterias, ya fuera por 59, 75 o Diagonal San Mart\u00edn.<\/p>\n<p>En cuanto al tr\u00e1nsito, se dispuso un corte en 2 entre 81 y 87 para que la gente caminara tranquila, sin el paso de los veh\u00edculos, mientras que lo \u00fanico que hubo que lamentar fue el accionar de algunos inadaptados que se trepaban a los sem\u00e1foros de 2 y 83, poniendo en riesgo sus vidas y las de los dem\u00e1s.<\/p>\n<p>Fuera de ello, fue un festejo inolvidable en la playa y con un clima ideal, la famosa canci\u00f3n de La Mosca (Muchachos, ahora nos volvimos a ilusionar) fue la que m\u00e1s son\u00f3, junt\u00f3 con \u00abde la mano de Lio Messi, toda la vuelta vamos a dar&#8230;\u00bb.<\/p>\n<p>En fin, postales de un d\u00eda inolvidable en Necochea, 36 a\u00f1os despu\u00e9s de aquel gran festejo que motiv\u00f3 un grupo liderado por Carlos Bilardo y Diego Maradona.<\/p>\n<p><strong>FOTO: David Luna<\/strong><\/p>\n","protected":false},"excerpt":{"rendered":"<p>La Av. 2 luci\u00f3 como pocas veces en la historia, con una marea celeste y blanca que se extendi\u00f3 hasta horas de la noche de este domingo 18 de diciembre que quedar\u00e1 en la memoria de todos los argentinos. Ni bien termin\u00f3 la serie de penales y una de las finales m\u00e1s atrapantes de los [&hellip;]<\/p>\n","protected":false},"author":3,"featured_media":96101,"comment_status":"closed","ping_status":"closed","sticky":false,"template":"","format":"standard","meta":{"footnotes":""},"categories":[3],"tags":[],"class_list":["post-96100","post","type-post","status-publish","format-standard","has-post-thumbnail","category-masnoticias"],"_links":{"self":[{"href":"https:\/\/primicias2262.com\/noticias\/wp-json\/wp\/v2\/posts\/96100","targetHints":{"allow":["GET"]}}],"collection":[{"href":"https:\/\/primicias2262.com\/noticias\/wp-json\/wp\/v2\/posts"}],"about":[{"href":"https:\/\/primicias2262.com\/noticias\/wp-json\/wp\/v2\/types\/post"}],"author":[{"embeddable":true,"href":"https:\/\/primicias2262.com\/noticias\/wp-json\/wp\/v2\/users\/3"}],"replies":[{"embeddable":true,"href":"https:\/\/primicias2262.com\/noticias\/wp-json\/wp\/v2\/comments?post=96100"}],"version-history":[{"count":0,"href":"https:\/\/primicias2262.com\/noticias\/wp-json\/wp\/v2\/posts\/96100\/revisions"}],"wp:attachment":[{"href":"https:\/\/primicias2262.com\/noticias\/wp-json\/wp\/v2\/media?parent=96100"}],"wp:term":[{"taxonomy":"category","embeddable":true,"href":"https:\/\/primicias2262.com\/noticias\/wp-json\/wp\/v2\/categories?post=96100"},{"taxonomy":"post_tag","embeddable":true,"href":"https:\/\/primicias2262.com\/noticias\/wp-json\/wp\/v2\/tags?post=96100"}],"curies":[{"name":"wp","href":"https:\/\/api.w.org\/{rel}","templated":true}]}}