{"id":96105,"date":"2022-12-19T15:18:26","date_gmt":"2022-12-19T18:18:26","guid":{"rendered":"https:\/\/primicias2262.com\/?p=96105"},"modified":"2022-12-19T15:18:26","modified_gmt":"2022-12-19T18:18:26","slug":"96105-2","status":"publish","type":"post","link":"https:\/\/primicias2262.com\/noticias\/96105-2\/","title":{"rendered":"Unas 25 mil personas festejaron en la costa y no hubo que lamentar grandes incidentes"},"content":{"rendered":"<p><strong>M\u00e1s all\u00e1 de alg\u00fan accidente menor, las celebraciones durante m\u00e1s de seis horas en la avenida 2 por la obtenci\u00f3n del Mundial de F\u00fatbol fueron tranquilas en l\u00edneas generales, tal como lo defini\u00f3 el director de Pol\u00edticas de Seguridad de la comuna, \u00c1ngel V\u00e1zquez.<\/strong><\/p>\n<p>En nota telef\u00f3nica realizada por el periodista Jorge G\u00f3mez, V\u00e1zquez asegur\u00f3 que \u201cla gente se manifest\u00f3 en forma bastante tranquila, hubo dos o tres personas que fueron atendidas por la ambulancia que estaba dispuesta en el lugar y trasladadas al hospital, alguna con un corte en una pierna por alg\u00fan vidrio, alg\u00fan esguinzado o alguno que se le baj\u00f3 la presi\u00f3n, pero m\u00e1s all\u00e1 de eso nada grave\u201d.<\/p>\n<p>\u201cDe acuerdo a lo que nos inform\u00f3 la Jefatura Departamental, hubo 25 mil personas, y tengamos en cuenta que los festejos iniciaron temprano, hab\u00eda gente que estaba llegando a festejar y otra que se estaba yendo, se iban rotando los turnos de festejos\u201d, inform\u00f3 V\u00e1zquez, se\u00f1alando que \u201cfue realmente mucha gente, iba la familia completa\u201d.<\/p>\n<p>Como cuestiones a mejorar, quedan tanto el vandalismo en los sem\u00e1foros como los cortes que realizan las motos. Respecto a lo primero, el funcionario mencion\u00f3: \u201cEl sem\u00e1foro evidentemente es el \u00edcono de los festejos y se suben arriba, estamos viendo de ponerle otro soporte o hacerlo m\u00e1s alto, pero m\u00e1s all\u00e1 de ese da\u00f1o, en l\u00edneas generales bien. Se atendieron un mont\u00f3n de consultas y reclamos, pero con buen resultado\u201d.<\/p>\n<p>En cuanto a lo segundo, manifest\u00f3 que \u201chab\u00eda recibido algunos llamados previos con relaci\u00f3n a las motos y los cortes, se derivaron los reclamos a la Jefatura y efectivos de la Departamental trataron de disuadir ese hecho, es un tema que venimos trabajando y en el que vamos a tener que seguir trabajando\u201d.<\/p>\n<p>Finalmente, V\u00e1zquez redonde\u00f3 un buen balance del operativo al destacar que \u201cel festejo en esa zona fue de m\u00e1s de seis horas, en ese lapso se dio todo bastante tranquilo\u201d, y sobre la venta prohibida de bebidas alcoh\u00f3licas en la Villa se\u00f1al\u00f3 que \u201csiempre hay alg\u00fan comerciante que hace o\u00eddo sordo y le interesa el bien propio y que el resto se jorobe, pero tenemos individualizado qui\u00e9n hizo esta acci\u00f3n y ya hablaremos\u201d.<\/p>\n","protected":false},"excerpt":{"rendered":"<p>M\u00e1s all\u00e1 de alg\u00fan accidente menor, las celebraciones durante m\u00e1s de seis horas en la avenida 2 por la obtenci\u00f3n del Mundial de F\u00fatbol fueron tranquilas en l\u00edneas generales, tal como lo defini\u00f3 el director de Pol\u00edticas de Seguridad de la comuna, \u00c1ngel V\u00e1zquez. En nota telef\u00f3nica realizada por el periodista Jorge G\u00f3mez, V\u00e1zquez asegur\u00f3 [&hellip;]<\/p>\n","protected":false},"author":3,"featured_media":96101,"comment_status":"closed","ping_status":"closed","sticky":false,"template":"","format":"standard","meta":{"footnotes":""},"categories":[3],"tags":[],"class_list":["post-96105","post","type-post","status-publish","format-standard","has-post-thumbnail","category-masnoticias"],"_links":{"self":[{"href":"https:\/\/primicias2262.com\/noticias\/wp-json\/wp\/v2\/posts\/96105","targetHints":{"allow":["GET"]}}],"collection":[{"href":"https:\/\/primicias2262.com\/noticias\/wp-json\/wp\/v2\/posts"}],"about":[{"href":"https:\/\/primicias2262.com\/noticias\/wp-json\/wp\/v2\/types\/post"}],"author":[{"embeddable":true,"href":"https:\/\/primicias2262.com\/noticias\/wp-json\/wp\/v2\/users\/3"}],"replies":[{"embeddable":true,"href":"https:\/\/primicias2262.com\/noticias\/wp-json\/wp\/v2\/comments?post=96105"}],"version-history":[{"count":0,"href":"https:\/\/primicias2262.com\/noticias\/wp-json\/wp\/v2\/posts\/96105\/revisions"}],"wp:attachment":[{"href":"https:\/\/primicias2262.com\/noticias\/wp-json\/wp\/v2\/media?parent=96105"}],"wp:term":[{"taxonomy":"category","embeddable":true,"href":"https:\/\/primicias2262.com\/noticias\/wp-json\/wp\/v2\/categories?post=96105"},{"taxonomy":"post_tag","embeddable":true,"href":"https:\/\/primicias2262.com\/noticias\/wp-json\/wp\/v2\/tags?post=96105"}],"curies":[{"name":"wp","href":"https:\/\/api.w.org\/{rel}","templated":true}]}}