{"id":96108,"date":"2022-12-19T15:23:58","date_gmt":"2022-12-19T18:23:58","guid":{"rendered":"https:\/\/primicias2262.com\/?p=96108"},"modified":"2022-12-19T15:23:58","modified_gmt":"2022-12-19T18:23:58","slug":"la-municipalidad-de-necochea-deposito-este-lunes-19-de-diciembre-el-medio-aguinaldo","status":"publish","type":"post","link":"https:\/\/primicias2262.com\/noticias\/la-municipalidad-de-necochea-deposito-este-lunes-19-de-diciembre-el-medio-aguinaldo\/","title":{"rendered":"La Municipalidad de Necochea\u00a0deposit\u00f3 este lunes 19 de\u00a0diciembre el medio aguinaldo\u00a0"},"content":{"rendered":"<p><strong>Por Jorge G\u00f3mez\u00a0<\/strong><\/p>\n<p><a href=\"https:\/\/primicias2262.com\/wp-content\/uploads\/2021\/08\/Gomez.jpg\"><img loading=\"lazy\" decoding=\"async\" class=\"alignleft size-thumbnail wp-image-80409\" src=\"https:\/\/primicias2262.com\/wp-content\/uploads\/2021\/08\/Gomez-150x150.jpg\" alt=\"\" width=\"150\" height=\"150\" \/><\/a><\/p>\n<p>La Municipalidad de Necochea procedi\u00f3 a depositar este lunes 19 de diciembre el medio aguinaldo a todo el plantel de trabajadores que prestan servicio en la comuna local.<\/p>\n<p>Mientras se hab\u00eda conocido qu\u00e9 tal tr\u00e1mite se iba a concretar reci\u00e9n el jueves venidero, la medida se anticip\u00f3 y a partir de la 0 hora de ma\u00f1ana martes 20 de diciembre los agentes municipales estar\u00e1n en condiciones de retirar el dinero de este beneficio de los cajeros bancarios habilitados al efecto.<\/p>\n<p>El aludido dep\u00f3sito se produce a pocas horas de la asamblea de afiliados al STM que tendr\u00e1 lugar este lunes a partir de las 19 cuando se debata la cuesti\u00f3n salarial, abierta en negociaciones con el Departamento Ejecutivo.<\/p>\n","protected":false},"excerpt":{"rendered":"<p>Por Jorge G\u00f3mez\u00a0 La Municipalidad de Necochea procedi\u00f3 a depositar este lunes 19 de diciembre el medio aguinaldo a todo el plantel de trabajadores que prestan servicio en la comuna local. Mientras se hab\u00eda conocido qu\u00e9 tal tr\u00e1mite se iba a concretar reci\u00e9n el jueves venidero, la medida se anticip\u00f3 y a partir de la [&hellip;]<\/p>\n","protected":false},"author":3,"featured_media":74695,"comment_status":"closed","ping_status":"closed","sticky":false,"template":"","format":"standard","meta":{"footnotes":""},"categories":[3],"tags":[],"class_list":["post-96108","post","type-post","status-publish","format-standard","has-post-thumbnail","category-masnoticias"],"_links":{"self":[{"href":"https:\/\/primicias2262.com\/noticias\/wp-json\/wp\/v2\/posts\/96108","targetHints":{"allow":["GET"]}}],"collection":[{"href":"https:\/\/primicias2262.com\/noticias\/wp-json\/wp\/v2\/posts"}],"about":[{"href":"https:\/\/primicias2262.com\/noticias\/wp-json\/wp\/v2\/types\/post"}],"author":[{"embeddable":true,"href":"https:\/\/primicias2262.com\/noticias\/wp-json\/wp\/v2\/users\/3"}],"replies":[{"embeddable":true,"href":"https:\/\/primicias2262.com\/noticias\/wp-json\/wp\/v2\/comments?post=96108"}],"version-history":[{"count":0,"href":"https:\/\/primicias2262.com\/noticias\/wp-json\/wp\/v2\/posts\/96108\/revisions"}],"wp:attachment":[{"href":"https:\/\/primicias2262.com\/noticias\/wp-json\/wp\/v2\/media?parent=96108"}],"wp:term":[{"taxonomy":"category","embeddable":true,"href":"https:\/\/primicias2262.com\/noticias\/wp-json\/wp\/v2\/categories?post=96108"},{"taxonomy":"post_tag","embeddable":true,"href":"https:\/\/primicias2262.com\/noticias\/wp-json\/wp\/v2\/tags?post=96108"}],"curies":[{"name":"wp","href":"https:\/\/api.w.org\/{rel}","templated":true}]}}