{"id":96110,"date":"2022-12-19T15:25:57","date_gmt":"2022-12-19T18:25:57","guid":{"rendered":"https:\/\/primicias2262.com\/?p=96110"},"modified":"2022-12-19T15:25:57","modified_gmt":"2022-12-19T18:25:57","slug":"cultura-anuncia-un-concierto-navideno-en-la-plaza-rocha-como-vispera-de-la-nochebuena","status":"publish","type":"post","link":"https:\/\/primicias2262.com\/noticias\/cultura-anuncia-un-concierto-navideno-en-la-plaza-rocha-como-vispera-de-la-nochebuena\/","title":{"rendered":"Cultura anuncia un concierto navide\u00f1o en la Plaza Rocha como v\u00edspera de la Nochebuena"},"content":{"rendered":"<p><strong>Ser\u00e1 este viernes a partir de las 20.30, con artistas musicales y la colocaci\u00f3n del ni\u00f1o Jes\u00fas en el Pesebre de la plaza.<\/strong><\/p>\n<p>En nota con \u201cVoces de la Ciudad\u201d, el director de Cultura, Juan Gamba, inform\u00f3 ante la consulta del periodista Jorge G\u00f3mez que \u201ceste viernes 23 en la Plaza Dardo Rocha a las 20.30 tendremos un concierto navide\u00f1o, con Jos\u00e9 Luis Rodr\u00edguez al inicio; y luego a las 21 el intendente Arturo Rojas har\u00e1 entrega de una imagen del ni\u00f1o Jes\u00fas a una familia para que sea depositado en el Pesebre\u201d.<\/p>\n<p>Como la Navidad es alegr\u00eda y uni\u00f3n, seguidamente a esa acci\u00f3n en el Pesebre \u201cinvitamos a todos a que puedan disfrutar de La Clavija; a las 21.45 La Tecla y a las 22.15\u201d, notific\u00f3 el funcionario, para acotar que \u201clos invitamos a que lleven sus reposeras y bancos para estar c\u00f3modos, ser\u00e1 un lindo evento pensado para la gente y esperamos que nos acompa\u00f1en\u201d.<\/p>\n<p>En este contexto de esp\u00edritu navide\u00f1o, Gamba destac\u00f3 que \u201cse colocaron 100 arbolitos en la plaza y el centro, la gente est\u00e1 muy contenta y los comerciantes tambi\u00e9n\u201d, y a\u00f1adi\u00f3 ir\u00f3nicamente que \u201ca alguno les gust\u00f3 bastante y ya se lo llevaron para su casa\u201d, mientras que anunci\u00f3 que a partir de este martes \u201cen la plazoleta de Malvinas en 59 entre 56 y 58, se desarrollar\u00e1 una feria navide\u00f1a\u201d.<\/p>\n","protected":false},"excerpt":{"rendered":"<p>Ser\u00e1 este viernes a partir de las 20.30, con artistas musicales y la colocaci\u00f3n del ni\u00f1o Jes\u00fas en el Pesebre de la plaza. En nota con \u201cVoces de la Ciudad\u201d, el director de Cultura, Juan Gamba, inform\u00f3 ante la consulta del periodista Jorge G\u00f3mez que \u201ceste viernes 23 en la Plaza Dardo Rocha a las [&hellip;]<\/p>\n","protected":false},"author":3,"featured_media":85249,"comment_status":"closed","ping_status":"closed","sticky":false,"template":"","format":"standard","meta":{"footnotes":""},"categories":[3],"tags":[],"class_list":["post-96110","post","type-post","status-publish","format-standard","has-post-thumbnail","category-masnoticias"],"_links":{"self":[{"href":"https:\/\/primicias2262.com\/noticias\/wp-json\/wp\/v2\/posts\/96110","targetHints":{"allow":["GET"]}}],"collection":[{"href":"https:\/\/primicias2262.com\/noticias\/wp-json\/wp\/v2\/posts"}],"about":[{"href":"https:\/\/primicias2262.com\/noticias\/wp-json\/wp\/v2\/types\/post"}],"author":[{"embeddable":true,"href":"https:\/\/primicias2262.com\/noticias\/wp-json\/wp\/v2\/users\/3"}],"replies":[{"embeddable":true,"href":"https:\/\/primicias2262.com\/noticias\/wp-json\/wp\/v2\/comments?post=96110"}],"version-history":[{"count":0,"href":"https:\/\/primicias2262.com\/noticias\/wp-json\/wp\/v2\/posts\/96110\/revisions"}],"wp:attachment":[{"href":"https:\/\/primicias2262.com\/noticias\/wp-json\/wp\/v2\/media?parent=96110"}],"wp:term":[{"taxonomy":"category","embeddable":true,"href":"https:\/\/primicias2262.com\/noticias\/wp-json\/wp\/v2\/categories?post=96110"},{"taxonomy":"post_tag","embeddable":true,"href":"https:\/\/primicias2262.com\/noticias\/wp-json\/wp\/v2\/tags?post=96110"}],"curies":[{"name":"wp","href":"https:\/\/api.w.org\/{rel}","templated":true}]}}