{"id":96127,"date":"2022-12-19T23:20:24","date_gmt":"2022-12-20T02:20:24","guid":{"rendered":"https:\/\/primicias2262.com\/?p=96127"},"modified":"2022-12-19T23:20:24","modified_gmt":"2022-12-20T02:20:24","slug":"conocido-el-decreto-de-feriado-nacional-no-habra-actividad-alguna-este-martes-20-en-todos-los-niveles-del-estado","status":"publish","type":"post","link":"https:\/\/primicias2262.com\/noticias\/conocido-el-decreto-de-feriado-nacional-no-habra-actividad-alguna-este-martes-20-en-todos-los-niveles-del-estado\/","title":{"rendered":"Conocido el decreto de feriado\u00a0nacional, no habr\u00e1 actividad\u00a0alguna este martes 20 en\u00a0todos los niveles del Estado"},"content":{"rendered":"<p><strong>La medida contenida en la norma de necesidad y urgencia divulgada a las 20.43 de esta noche determina el cese de actividades por los festejos que tendr\u00e1n lugar en Capital Federal ante el triunfo el pasado domingo en Qatar del seleccionado nacional de f\u00fatbol que se consagr\u00f3 campe\u00f3n mundial. No habr\u00e1 actividades a nivel nacional, provincial y municipal, incluyendo en Necochea, como as\u00ed no atender\u00e1n las oficinas de ANSES, PAMI y las de la UPC local<\/strong><\/p>\n<p><strong>Por Jorge G\u00f3mez<\/strong><\/p>\n<p><a href=\"https:\/\/primicias2262.com\/wp-content\/uploads\/2021\/08\/Gomez.jpg\"><img loading=\"lazy\" decoding=\"async\" class=\"alignleft size-thumbnail wp-image-80409\" src=\"https:\/\/primicias2262.com\/wp-content\/uploads\/2021\/08\/Gomez-150x150.jpg\" alt=\"\" width=\"150\" height=\"150\" \/><\/a><\/p>\n<p>Conocido esta noche a las 20.43 hs el decreto de necesidad y urgencia N\u00ba 842 del Poder Ejecutivo que establece feriado nacional para este martes 20 de diciembre, la Municipalidad de Necochea como el resto de las provincias y las comunas del pa\u00eds estar\u00e1n obligadas a no prestar servicios y por ende a sumarse a la medida dada a conocer por el gobierno federal, en atenci\u00f3n a los anunciados festejos que tendr\u00e1n lugar en Capital Federal y \u201ccompartir -tal cual dice la norma- con la selecci\u00f3n masculina argentina de f\u00fatbol el t\u00edtulo de campeones mundiales de f\u00fatbol obtenido en la \u201cCopa Mundial de la FIFA CATAR 2022\u201d.<\/p>\n<p>Igual comportamiento, de no prestar servicio o sea que tendr\u00e1n sus puertas cerradas, se producir\u00e1 en las oficinas del ANSES, PAMI y la UPC de Necochea.<\/p>\n<p>La decisi\u00f3n contrasta con una primera observaci\u00f3n surgida, por ejemplo, desde el municipio de Necochea en la tardecita de este lunes 19 de diciembre, se\u00f1alando que \u201ceste martes se trabajar\u00e1 normalmente\u201d, consecuencia de un presunto decreto que contaba con las firmas de ministros que han renunciado a integrar el gabinete nacional.<\/p>\n<p>\u201cEso es trucho\u201d, se\u00f1al\u00f3 una fuente del Departamento Ejecutivo, anticipando poco despu\u00e9s de las 18 que la actividad ir\u00eda a ser totalmente normal este martes 20.<\/p>\n<p>Esto se modific\u00f3 a partir de conocerse los alcances del decreto N\u00ba 842, por lo cual todas las actividades de todos los niveles del Estado, nacional, provincial y municipal, se interrumpir\u00e1n ante este acontecimiento.<\/p>\n<p>Al cierre de esta cr\u00f3nica se reiter\u00f3, por otra parte, que los venideros viernes 23 y 30 de diciembre las actividades municipales locales ser\u00e1n normales, algo que no ocurrir\u00e1 este martes 20 de diciembre cuando las puertas de la comuna de Necochea se encuentren cerradas a la atenci\u00f3n al p\u00fablico, manteni\u00e9ndose s\u00f3lo aquellas actividades esenciales y las guardias.<\/p>\n<p>Trascendi\u00f3 que la agenda del intendente Arturo Rojas no ser\u00e1 alterada, dado que cuenta con audiencias y compromisos contra\u00eddos, \u201clos que se cumplir\u00e1n normalmente\u201d, se pudo conocer, previ\u00e9ndose que buena parte de los funcionarios de la administraci\u00f3n comunal concurrir\u00e1n a sus tareas, no as\u00ed el plantel de trabajadores de planta permanente.<\/p>\n<p>La norma nacional conocida esta noche, firmada por autoridades del Poder Ejecutivo Nacional, se\u00f1ala lo siguiente<\/p>\n<p>VISTO Y CONSIDERANDO:<\/p>\n<p>Que el d\u00eda 18 de diciembre de 2022 la SELECCI\u00d3N MASCULINA ARGENTINA DE F\u00daTBOL se consagr\u00f3 CAMPEONA DEL MUNDO en la \u201cCopa Mundial de la FIFA CATAR 2022\u201d, obteniendo el tercer t\u00edtulo mundial en su historia.<\/p>\n<p>Que el plantel de la selecci\u00f3n argentina, liderado por su capit\u00e1n Lionel Andr\u00e9s MESSI y dirigido por su t\u00e9cnico Lionel Sebasti\u00e1n SCALONI, tras un arduo camino, defendi\u00f3 los colores celeste y blanco de nuestra bandera, ante una multitud de hinchas y simpatizantes que los alentaron desde todos los rincones de la patria, as\u00ed como desde los diferentes estadios donde se disputaron los partidos.<\/p>\n<p>Que la obtenci\u00f3n del t\u00edtulo en la Copa Mundial de F\u00fatbol 2022 es un merecido premio para todos los integrantes de la Selecci\u00f3n Argentina y su cuerpo t\u00e9cnico por su esp\u00edritu de lucha, esfuerzo, uni\u00f3n, perseverancia, trabajo en equipo y compromiso, quienes tuvieron el temple necesario para sobreponerse a las dificultades sin bajar jam\u00e1s los brazos, y se constituyeron como un ejemplo incuestionable para todo el pueblo argentino, demostrando que con s\u00f3lidos ideales, siempre juntos y unidos, se pueden alcanzar los objetivos propuestos.<\/p>\n<p>Que en este contexto, y toda vez que la SELECCI\u00d3N ARGENTINA regresar\u00e1 al pa\u00eds el d\u00eda martes 20 de diciembre de 2022, y con el fin de que el pueblo argentino pueda festejar en paz y en uni\u00f3n, compartiendo la alegr\u00eda con nuestros jugadores y su cuerpo t\u00e9cnico, resulta propicio declararlo Feriado Nacional.<\/p>\n<p>Que, no obstante lo expuesto, y atento la proximidad del cierre del ejercicio 2022 resulta necesario que el personal de las instituciones bancarias y entidades financieras y de la ADMINISTRACI\u00d3N FEDERAL DE INGRESOS P\u00daBLICOS (AFIP) preste servicios hasta las 12:00 horas del d\u00eda 20 de diciembre.<\/p>\n<p>Que la Ley N\u00ba 26.122 regula el tr\u00e1mite y los alcances de la intervenci\u00f3n del HONORABLE CONGRESO DE LA NACI\u00d3N respecto de los Decretos de Necesidad y Urgencia dictados por el PODER EJECUTIVO NACIONAL, en virtud de lo dispuesto por el art\u00edculo 99, inciso 3 de la CONSTITUCI\u00d3N NACIONAL.<\/p>\n<p>Que la citada ley determina que la COMISI\u00d3N BICAMERAL PERMANENTE tiene competencia para pronunciarse respecto de la validez o invalidez de los Decretos de Necesidad y Urgencia, as\u00ed como para elevar el dictamen al plenario de cada C\u00e1mara para su expreso tratamiento, en el plazo de DIEZ (10) d\u00edas h\u00e1biles.<\/p>\n<p>Que el art\u00edculo 22 de la Ley N\u00ba 26.122 dispone que las C\u00e1maras se pronuncien mediante sendas resoluciones y que el rechazo o aprobaci\u00f3n de los decretos deber\u00e1 ser expreso conforme lo establecido en el art\u00edculo 82 de la CONSTITUCI\u00d3N NACIONAL.<\/p>\n<p>Que la presente medida se dicta en uso de las atribuciones conferidas por el art\u00edculo 99, incisos 1 y 3 de la CONSTITUCI\u00d3N NACIONAL.<\/p>\n<p>Por ello, EL PRESIDENTE DE LA NACI\u00d3N ARGENTINA EN ACUERDO GENERAL DE MINISTROS<\/p>\n<p>DECRETA:<\/p>\n<p>ART\u00cdCULO 1\u00ba.- Decl\u00e1rase feriado nacional el d\u00eda 20 de diciembre de 2022 con el fin de que el pueblo argentino pueda festejar y compartir con la SELECCI\u00d3N MASCULINA ARGENTINA DE F\u00daTBOL el t\u00edtulo de Campeones Mundiales de F\u00fatbol obtenido en la \u201cCopa Mundial de la FIFA CATAR 2022\u201d.<\/p>\n<p>ART\u00cdCULO 2\u00ba.- Instr\u00fayese a los distintos organismos para que implementen las medidas necesarias a efectos de mantener la continuidad de los servicios esenciales.<\/p>\n<p>ART\u00cdCULO 3\u00ba.- Except\u00faase de lo dispuesto en el art\u00edculo 1\u00b0 del presente al personal de las instituciones bancarias y entidades financieras y de la ADMINISTRACI\u00d3N FEDERAL DE INGRESOS P\u00daBLICOS (AFIP), el que deber\u00e1 prestar servicios hasta las 12:00 horas.<\/p>\n<p>ART\u00cdCULO 4\u00b0.- Comun\u00edquese, publ\u00edquese, dese a la DIRECCI\u00d3N NACIONAL DEL REGISTRO OFICIAL y arch\u00edvese\u201d.<\/p>\n","protected":false},"excerpt":{"rendered":"<p>La medida contenida en la norma de necesidad y urgencia divulgada a las 20.43 de esta noche determina el cese de actividades por los festejos que tendr\u00e1n lugar en Capital Federal ante el triunfo el pasado domingo en Qatar del seleccionado nacional de f\u00fatbol que se consagr\u00f3 campe\u00f3n mundial. No habr\u00e1 actividades a nivel nacional, [&hellip;]<\/p>\n","protected":false},"author":3,"featured_media":74666,"comment_status":"closed","ping_status":"closed","sticky":false,"template":"","format":"standard","meta":{"footnotes":""},"categories":[5],"tags":[],"class_list":{"0":"post-96127","1":"post","2":"type-post","3":"status-publish","4":"format-standard","5":"has-post-thumbnail","7":"category-neco"},"_links":{"self":[{"href":"https:\/\/primicias2262.com\/noticias\/wp-json\/wp\/v2\/posts\/96127","targetHints":{"allow":["GET"]}}],"collection":[{"href":"https:\/\/primicias2262.com\/noticias\/wp-json\/wp\/v2\/posts"}],"about":[{"href":"https:\/\/primicias2262.com\/noticias\/wp-json\/wp\/v2\/types\/post"}],"author":[{"embeddable":true,"href":"https:\/\/primicias2262.com\/noticias\/wp-json\/wp\/v2\/users\/3"}],"replies":[{"embeddable":true,"href":"https:\/\/primicias2262.com\/noticias\/wp-json\/wp\/v2\/comments?post=96127"}],"version-history":[{"count":0,"href":"https:\/\/primicias2262.com\/noticias\/wp-json\/wp\/v2\/posts\/96127\/revisions"}],"wp:featuredmedia":[{"embeddable":true,"href":"https:\/\/primicias2262.com\/noticias\/wp-json\/"}],"wp:attachment":[{"href":"https:\/\/primicias2262.com\/noticias\/wp-json\/wp\/v2\/media?parent=96127"}],"wp:term":[{"taxonomy":"category","embeddable":true,"href":"https:\/\/primicias2262.com\/noticias\/wp-json\/wp\/v2\/categories?post=96127"},{"taxonomy":"post_tag","embeddable":true,"href":"https:\/\/primicias2262.com\/noticias\/wp-json\/wp\/v2\/tags?post=96127"}],"curies":[{"name":"wp","href":"https:\/\/api.w.org\/{rel}","templated":true}]}}