{"id":96130,"date":"2022-12-20T11:58:20","date_gmt":"2022-12-20T14:58:20","guid":{"rendered":"https:\/\/primicias2262.com\/?p=96130"},"modified":"2022-12-20T11:58:20","modified_gmt":"2022-12-20T14:58:20","slug":"fiestas-de-fin-de-ano-empleados-de-comercio-sugiere-realizar-las-compras-antes-de-las-17-hs","status":"publish","type":"post","link":"https:\/\/primicias2262.com\/noticias\/fiestas-de-fin-de-ano-empleados-de-comercio-sugiere-realizar-las-compras-antes-de-las-17-hs\/","title":{"rendered":"Fiestas de fin de a\u00f1o: Empleados de Comercio sugiere realizar las compras antes de las 17 hs."},"content":{"rendered":"<p><strong>\u201cApelamos al sentido com\u00fan de la gente y a la solidaridad con el trabajador del comercio\u201d, expres\u00f3 en \u201cVoces de la Ciudad\u201d el titular del Sindicato de Empleados de Comercio, Cristian Arriaga.<\/strong><\/p>\n<p>Ante la consulta del periodista Jorge G\u00f3mez, Arriaga sugiri\u00f3 que la gente haga las compras con anticipaci\u00f3n para las fiestas. \u201cTodos los a\u00f1os hacemos hincapi\u00e9 en esto, en el sentido com\u00fan y predisposici\u00f3n de los consumidores de que traten de comprar antes de las 17 horas, para que tengan la posibilidad los compa\u00f1eros trabajadores de comercio y puedan disfrutar de esos d\u00edas como lo hacemos todos\u201d.<\/p>\n<p>En tal aspecto, \u201cquiero apelar al sentido com\u00fan de la gente\u2026 el trabajador de comercio es un integrante m\u00e1s de la sociedad y quiere tener las mismas posibilidades que todo el mundo\u201d, insisti\u00f3.<\/p>\n<p><a href=\"https:\/\/primicias2262.com\/wp-content\/uploads\/2022\/12\/IMG-20221220-WA0015.jpg\"><img loading=\"lazy\" decoding=\"async\" class=\"aligncenter size-full wp-image-96133\" src=\"https:\/\/primicias2262.com\/wp-content\/uploads\/2022\/12\/IMG-20221220-WA0015.jpg\" alt=\"\" width=\"589\" height=\"589\" \/><\/a><\/p>\n<p>\u201cPor eso queremos prever con anticipaci\u00f3n las compras, para que el empleado de comercio no est\u00e9 atendiendo m\u00e1s all\u00e1 de las 17, y lo importante es que tomemos conciencia todos y seamos solidarios, porque del otro lado del mostrador el que nos atiende los 365 d\u00edas del a\u00f1o es un compa\u00f1ero m\u00e1s y un trabajador m\u00e1s que merece el mismo respeto que todos los consumidores y trabajadores\u201d, concluy\u00f3 Arriaga.<\/p>\n","protected":false},"excerpt":{"rendered":"<p>\u201cApelamos al sentido com\u00fan de la gente y a la solidaridad con el trabajador del comercio\u201d, expres\u00f3 en \u201cVoces de la Ciudad\u201d el titular del Sindicato de Empleados de Comercio, Cristian Arriaga. Ante la consulta del periodista Jorge G\u00f3mez, Arriaga sugiri\u00f3 que la gente haga las compras con anticipaci\u00f3n para las fiestas. \u201cTodos los a\u00f1os [&hellip;]<\/p>\n","protected":false},"author":3,"featured_media":96131,"comment_status":"closed","ping_status":"closed","sticky":false,"template":"","format":"standard","meta":{"footnotes":""},"categories":[3],"tags":[],"class_list":["post-96130","post","type-post","status-publish","format-standard","has-post-thumbnail","category-masnoticias"],"_links":{"self":[{"href":"https:\/\/primicias2262.com\/noticias\/wp-json\/wp\/v2\/posts\/96130","targetHints":{"allow":["GET"]}}],"collection":[{"href":"https:\/\/primicias2262.com\/noticias\/wp-json\/wp\/v2\/posts"}],"about":[{"href":"https:\/\/primicias2262.com\/noticias\/wp-json\/wp\/v2\/types\/post"}],"author":[{"embeddable":true,"href":"https:\/\/primicias2262.com\/noticias\/wp-json\/wp\/v2\/users\/3"}],"replies":[{"embeddable":true,"href":"https:\/\/primicias2262.com\/noticias\/wp-json\/wp\/v2\/comments?post=96130"}],"version-history":[{"count":0,"href":"https:\/\/primicias2262.com\/noticias\/wp-json\/wp\/v2\/posts\/96130\/revisions"}],"wp:attachment":[{"href":"https:\/\/primicias2262.com\/noticias\/wp-json\/wp\/v2\/media?parent=96130"}],"wp:term":[{"taxonomy":"category","embeddable":true,"href":"https:\/\/primicias2262.com\/noticias\/wp-json\/wp\/v2\/categories?post=96130"},{"taxonomy":"post_tag","embeddable":true,"href":"https:\/\/primicias2262.com\/noticias\/wp-json\/wp\/v2\/tags?post=96130"}],"curies":[{"name":"wp","href":"https:\/\/api.w.org\/{rel}","templated":true}]}}