{"id":96139,"date":"2022-12-20T12:37:32","date_gmt":"2022-12-20T15:37:32","guid":{"rendered":"https:\/\/primicias2262.com\/?p=96139"},"modified":"2022-12-20T12:37:32","modified_gmt":"2022-12-20T15:37:32","slug":"este-miercoles-habra-paro-total-de-los-trabajadores-del-banco-provincia-y-sucursales","status":"publish","type":"post","link":"https:\/\/primicias2262.com\/noticias\/este-miercoles-habra-paro-total-de-los-trabajadores-del-banco-provincia-y-sucursales\/","title":{"rendered":"Este mi\u00e9rcoles habr\u00e1 paro total de los trabajadores del Banco Provincia y sucursales"},"content":{"rendered":"<p><strong>En Necochea y la regi\u00f3n no ser\u00e1 la excepci\u00f3n. Daniel Tomalino, Secretario General de la Comisi\u00f3n Gremial Interna del Banco Provincia de Necochea, asegur\u00f3 que \u201ces un paro total de actividades\u201d en respuesta a \u201cuna irresponsabilidad total de los legisladores de Juntos, porque est\u00e1 en juego el Banco Provincia\u201d.<\/strong><\/p>\n<p>Antes de su argumentaci\u00f3n en \u201cVoces de la Ciudad\u201d ante la nota realizada por el periodista Jorge G\u00f3mez, Tomalino conteaxtualiz\u00f3 que \u201cen el gobierno de Mar\u00eda Eugenia Vidal se promulg\u00f3 la ley 15.008, que reform\u00f3 el r\u00e9gimen jubilatorio de los empleados del Banco de la provincia de Buenos Aires, quedando esto bajo la responsabilidad del propio Banco, lo que Tomalino defini\u00f3 \u201ccomo una barbaridad que atenta contra los intereses del Banco Provincia\u201d.<\/p>\n<p>Si bien la Legislatura de la Provincia de Buenos Aires estaba por dar un vuelco en tal sentido con la ley, d\u00e1ndole de baja o algo similar, habida cuenta de que la Justicia ya hab\u00eda dado consentimiento al reclamo de los bancarios, esto no se produjo en las sesiones y no habr\u00eda novedades de aqu\u00ed a fin de a\u00f1o, por lo que la Asociaci\u00f3n Bancaria anunci\u00f3 que \u201cante una oposici\u00f3n irresponsable (en referencia al bloque Juntos), que cre\u00f3 el problema y ahora se niega a solucionarlo, paramos en defensa de nuestras fuentes de trabajo, del patrimonio del banco y de nuestros derechos\u201d.<\/p>\n<p>En tal sentido, Tomalino record\u00f3 que \u201cantiguamente, como marca la constituci\u00f3n, los d\u00e9ficit de las cajas jubilatorias las pone el Estado, y a partir de esa ley de Vidal las empez\u00f3 a poner el Banco\u2026 es por eso que nosotros decimos que est\u00e1 en juego el Banco de la Provincia de Buenos Aires por el d\u00e9ficit de la caja jubilatoria, y con las paritarias que se han ido arreglando, estamos generando un d\u00e9ficit alt\u00edsimo. Es una barbaridad\u2026 qu\u00e9 empresa en el mundo se hace cargo de pagarle la jubilaci\u00f3n a sus empleados\u2026 ninguna\u2026 y por esta ley el Banco tiene que hacerse cargo de por vida\u201d.<\/p>\n<p>Adem\u00e1s, argument\u00f3 que \u201ces una ley anticonstitucional que ha afectado los derechos de las trabajadoras. La ley madre es la Ley Nacional de Jubilaciones, y esta ley est\u00e1 por encima de esa ley, porque las mujeres son las \u00fanicas mujeres del pa\u00eds que se jubilan a los 65 a\u00f1os por ley\u201d.<\/p>\n<p>Finalmente, contraatac\u00f3 diciendo que \u201cse habla de que somos jubilados de privilegio, pero yo pongo mi caso de ejemplo: llevo 40 a\u00f1os aportando a la caja de jubilaci\u00f3n, antes aport\u00e1bamos el 23%, despu\u00e9s el 19%; despu\u00e9s pas\u00e9 a aportar el 22% y me iba a los 56 a\u00f1os; despu\u00e9s el 19% y me iba a los 60 a\u00f1os; despu\u00e9s el 14% y nos pusieron la edad jubilatoria a los 65 a\u00f1os\u2026 siempre nos van corriendo el arco, entonces no hay ning\u00fan privilegio\u201d.<\/p>\n<p><a href=\"https:\/\/primicias2262.com\/wp-content\/uploads\/2022\/12\/IMG-20221220-WA0002.jpg\"><img loading=\"lazy\" decoding=\"async\" class=\"aligncenter size-large wp-image-96140\" src=\"https:\/\/primicias2262.com\/wp-content\/uploads\/2022\/12\/IMG-20221220-WA0002-626x1024.jpg\" alt=\"\" width=\"626\" height=\"1024\" \/><\/a><\/p>\n","protected":false},"excerpt":{"rendered":"<p>En Necochea y la regi\u00f3n no ser\u00e1 la excepci\u00f3n. Daniel Tomalino, Secretario General de la Comisi\u00f3n Gremial Interna del Banco Provincia de Necochea, asegur\u00f3 que \u201ces un paro total de actividades\u201d en respuesta a \u201cuna irresponsabilidad total de los legisladores de Juntos, porque est\u00e1 en juego el Banco Provincia\u201d. Antes de su argumentaci\u00f3n en \u201cVoces [&hellip;]<\/p>\n","protected":false},"author":3,"featured_media":72313,"comment_status":"closed","ping_status":"closed","sticky":false,"template":"","format":"standard","meta":{"footnotes":""},"categories":[3],"tags":[],"class_list":["post-96139","post","type-post","status-publish","format-standard","has-post-thumbnail","category-masnoticias"],"_links":{"self":[{"href":"https:\/\/primicias2262.com\/noticias\/wp-json\/wp\/v2\/posts\/96139","targetHints":{"allow":["GET"]}}],"collection":[{"href":"https:\/\/primicias2262.com\/noticias\/wp-json\/wp\/v2\/posts"}],"about":[{"href":"https:\/\/primicias2262.com\/noticias\/wp-json\/wp\/v2\/types\/post"}],"author":[{"embeddable":true,"href":"https:\/\/primicias2262.com\/noticias\/wp-json\/wp\/v2\/users\/3"}],"replies":[{"embeddable":true,"href":"https:\/\/primicias2262.com\/noticias\/wp-json\/wp\/v2\/comments?post=96139"}],"version-history":[{"count":0,"href":"https:\/\/primicias2262.com\/noticias\/wp-json\/wp\/v2\/posts\/96139\/revisions"}],"wp:attachment":[{"href":"https:\/\/primicias2262.com\/noticias\/wp-json\/wp\/v2\/media?parent=96139"}],"wp:term":[{"taxonomy":"category","embeddable":true,"href":"https:\/\/primicias2262.com\/noticias\/wp-json\/wp\/v2\/categories?post=96139"},{"taxonomy":"post_tag","embeddable":true,"href":"https:\/\/primicias2262.com\/noticias\/wp-json\/wp\/v2\/tags?post=96139"}],"curies":[{"name":"wp","href":"https:\/\/api.w.org\/{rel}","templated":true}]}}