{"id":96142,"date":"2022-12-20T16:46:04","date_gmt":"2022-12-20T19:46:04","guid":{"rendered":"https:\/\/primicias2262.com\/?p=96142"},"modified":"2022-12-20T16:46:04","modified_gmt":"2022-12-20T19:46:04","slug":"unas-5-millones-de-personas-en-la-movilizacion-mundialista-y-final-en-helicoptero-para-los-jugadores","status":"publish","type":"post","link":"https:\/\/primicias2262.com\/noticias\/unas-5-millones-de-personas-en-la-movilizacion-mundialista-y-final-en-helicoptero-para-los-jugadores\/","title":{"rendered":"Unas 5 millones de personas en la movilizaci\u00f3n mundialista y final en helic\u00f3ptero para los jugadores"},"content":{"rendered":"<p>Los jugadores de la selecci\u00f3n nacional se\u00a0<b>subieron a helic\u00f3pteros ubicados cerca de Parque Roca en Villa Lugano para sobrevolar la Ciudad y volver a Ezeiza<\/b>, luego de que se modificara el recorrido de la caravana hist\u00f3rica de festejo popular con los hinchas en la Ciudad de Buenos Aires y el micro finalmente no agarr\u00f3 General Paz, se baj\u00f3 de la 25 de Mayo y se desvi\u00f3 por Larraz\u00e1bal.<\/p>\n<p>\u00ab<b>No nos dejan llegar a saludar a toda la gente que estaba en el Obelisco<\/b>, los mismos organismos de Seguridad que nos escoltaban, no nos permiten avanzar. Mil disculpas en nombre de todos los jugadores Campeones. Una pena\u00bb, se quej\u00f3 el presidente de AFA, Claudio \u00abChiqui\u00bb Tapia, en las redes.<\/p>\n<p>El micro que llevaba a los jugadores emprendi\u00f3 la marcha desde el predio de la AFA en Ezeiza poco despu\u00e9s de las 11.30. En principio\u00a0<b>estaba previsto que el recorrido durar\u00e1 aproximadamente entre 7 y 8 horas<\/b>, seg\u00fan hab\u00eda estimado el ministro de Seguridad porte\u00f1o, Marcelo D&#8217;Alessandro.<\/p>\n<p><a href=\"https:\/\/primicias2262.com\/wp-content\/uploads\/2022\/12\/foto-multitud2.jpg\"><img loading=\"lazy\" decoding=\"async\" class=\"aligncenter size-full wp-image-96144\" src=\"https:\/\/primicias2262.com\/wp-content\/uploads\/2022\/12\/foto-multitud2.jpg\" alt=\"\" width=\"960\" height=\"640\" \/><\/a><\/p>\n<p>Desde el predio de la AFA en Ezeiza el micro en principio ten\u00eda previsto tomar\u00a0<b>Riccheri, avenida General Paz hasta la bajada de Lugones<\/b>, para tomar avenida<b>\u00a09 de Julio pasando por el Obelisco hasta la autopista 25 de mayo para regresar a Ezeiza.\u00a0<\/b><\/p>\n<p>El recorrido se vio modificado por la gran congregaci\u00f3n de personas en todos los puntos por donde ten\u00eda previsto pasa el micro. Se estima que hab\u00eda 4 millones de personas en las calles de la ciudad de Buenos Aires.<\/p>\n<p><a href=\"https:\/\/primicias2262.com\/wp-content\/uploads\/2022\/12\/foto-multitud3.jpg\"><img loading=\"lazy\" decoding=\"async\" class=\"aligncenter size-full wp-image-96145\" src=\"https:\/\/primicias2262.com\/wp-content\/uploads\/2022\/12\/foto-multitud3.jpg\" alt=\"\" width=\"960\" height=\"640\" \/><\/a><\/p>\n<p><b>Por la ma\u00f1ana, Tapia, hab\u00eda confirmado que se har\u00eda el trayecto \u00ab<\/b>cumpliendo con el circuito dispuesto por los organismos de seguridad de Naci\u00f3n, Ciudad y Provincia Buenos Aires\u00bb. \u00abRealizaremos el recorrido establecido por autoridades para que los argentinos y argentinas disfruten a los Campeones\u00bb, hab\u00eda escrito en Twitter.<\/p>\n","protected":false},"excerpt":{"rendered":"<p>Los jugadores de la selecci\u00f3n nacional se\u00a0subieron a helic\u00f3pteros ubicados cerca de Parque Roca en Villa Lugano para sobrevolar la Ciudad y volver a Ezeiza, luego de que se modificara el recorrido de la caravana hist\u00f3rica de festejo popular con los hinchas en la Ciudad de Buenos Aires y el micro finalmente no agarr\u00f3 General [&hellip;]<\/p>\n","protected":false},"author":3,"featured_media":96143,"comment_status":"closed","ping_status":"closed","sticky":false,"template":"","format":"standard","meta":{"footnotes":""},"categories":[3],"tags":[],"class_list":["post-96142","post","type-post","status-publish","format-standard","has-post-thumbnail","category-masnoticias"],"_links":{"self":[{"href":"https:\/\/primicias2262.com\/noticias\/wp-json\/wp\/v2\/posts\/96142","targetHints":{"allow":["GET"]}}],"collection":[{"href":"https:\/\/primicias2262.com\/noticias\/wp-json\/wp\/v2\/posts"}],"about":[{"href":"https:\/\/primicias2262.com\/noticias\/wp-json\/wp\/v2\/types\/post"}],"author":[{"embeddable":true,"href":"https:\/\/primicias2262.com\/noticias\/wp-json\/wp\/v2\/users\/3"}],"replies":[{"embeddable":true,"href":"https:\/\/primicias2262.com\/noticias\/wp-json\/wp\/v2\/comments?post=96142"}],"version-history":[{"count":0,"href":"https:\/\/primicias2262.com\/noticias\/wp-json\/wp\/v2\/posts\/96142\/revisions"}],"wp:attachment":[{"href":"https:\/\/primicias2262.com\/noticias\/wp-json\/wp\/v2\/media?parent=96142"}],"wp:term":[{"taxonomy":"category","embeddable":true,"href":"https:\/\/primicias2262.com\/noticias\/wp-json\/wp\/v2\/categories?post=96142"},{"taxonomy":"post_tag","embeddable":true,"href":"https:\/\/primicias2262.com\/noticias\/wp-json\/wp\/v2\/tags?post=96142"}],"curies":[{"name":"wp","href":"https:\/\/api.w.org\/{rel}","templated":true}]}}