{"id":96157,"date":"2022-12-21T12:52:56","date_gmt":"2022-12-21T15:52:56","guid":{"rendered":"https:\/\/primicias2262.com\/?p=96157"},"modified":"2022-12-21T12:52:56","modified_gmt":"2022-12-21T15:52:56","slug":"inauguraron-la-posta-de-salud-y-prevencion-en-10-y-183","status":"publish","type":"post","link":"https:\/\/primicias2262.com\/noticias\/inauguraron-la-posta-de-salud-y-prevencion-en-10-y-183\/","title":{"rendered":"Inauguraron la posta de Salud y Prevenci\u00f3n en 10 y 183"},"content":{"rendered":"<p>El intendente Arturo Rojas, funcionarios y concejales, acompa\u00f1ados por vecinos del lugar, inauguraron en la tarde del martes la posta de Salud y Prevenci\u00f3n en Av. 10 y 183, en una zona que est\u00e1 en constante crecimiento poblacional y que, por ende, necesitaba de este servicio de 24 horas que dar\u00e1 respuesta ante la emergencia, con, en principio, una enfermera que ya est\u00e1 designada y personal de Guardaparques y del \u00e1rea de Prevenci\u00f3n.<\/p>\n<p>En este marco, el jefe comunal habl\u00f3 ante los presentes, momento en el que enfatiz\u00f3 que \u201cesta posta que aqu\u00ed se ve ha demostrado un trabajo en conjunto, y tambi\u00e9n con los concesionarios como Supara, Uatre, y con las renovaciones que se vienen dando que nos permiten tener una mayor dotaci\u00f3n de veh\u00edculos para el control, y en ese aspecto est\u00e1n pr\u00f3ximos a venir algunas motos que se sumar\u00e1n a la camioneta que ya est\u00e1 ploteada y que estamos viendo ahora\u201d.<\/p>\n<p>Luego, el jefe comunal agreg\u00f3: \u201cEsto es para los vecinos de este sector que son los que han venido solicitando la presencia del Estado municipal ac\u00e1 en su barrio, sabiendo que si bien algunos de ellos hace mucho que viven en el lugar, el mismo va creciendo en poblaci\u00f3n a lo largo de los a\u00f1os. Y la realidad es que antes, llegar a este lugar que era casi una zona inh\u00f3spita era muy dif\u00edcil, pero hoy estamos con la mayor\u00eda de las arterias en condiciones de transitar y por eso empezaremos m\u00e1s seguido a controlar colocando se\u00f1al\u00e9tica y con la presencia de personal de Tr\u00e1nsito\u201d.<\/p>\n<p><a href=\"https:\/\/primicias2262.com\/wp-content\/uploads\/2022\/12\/FOTO-posta-salud-y-prevencion.jpg\"><img loading=\"lazy\" decoding=\"async\" class=\"aligncenter size-large wp-image-96158\" src=\"https:\/\/primicias2262.com\/wp-content\/uploads\/2022\/12\/FOTO-posta-salud-y-prevencion-1024x682.jpg\" alt=\"\" width=\"696\" height=\"464\" \/><\/a><\/p>\n<p>\u201cEsta posta no es solo para la temporada de verano sino que la idea es que funciona durante todo el a\u00f1o, que sea en definitiva un punto de encuentro de los vecinos, y en ese sentido celebro que la enfermera que nos est\u00e1 acompa\u00f1ando hoy y que va a estar ac\u00e1 para ustedes sea del lugar porque vive ac\u00e1 cerquita\u201d, destac\u00f3 Rojas.<\/p>\n<div class=\"wp-block-media-text is-stacked-on-mobile\">\n<div class=\"wp-block-media-text__content\">\n<p>En el cierre, y antes de invitar a los vecinos al conteiner a recorrer las instalaciones, Rojas puso de relieve el funcionamiento ya de la Caballeriza en el sector del parque, momento en el que se\u00f1alo que \u201cseguramente reforzar\u00e1 la seguridad en todo el sector\u201d para adelantar por \u00faltimo que \u201cuna vez que tengamos todas las instalaciones completas solicitaremos ante Provincia cuatriciclos y motos, porque desde el municipio tenemos que hacer todas las gestiones porque en definitiva somos nosotros los que vivimos ac\u00e1 y padecemos la inseguridad\u201d.<\/p>\n<p>Por su parte, la secretaria de Gobierno, Gabriela G\u00f3ngora, manifest\u00f3 que \u201cesta es una posta que se hab\u00eda pensado hacer hace a\u00f1os y que en realidad debi\u00f3 cumplirse en el gobierno anterior pero no se pudo, y por ello desde el primer d\u00eda de su gesti\u00f3n, Arturo ten\u00eda el compromiso firme de ir saldando deudas con los vecinos, y esta era una\u201d.<\/p>\n<\/div>\n<\/div>\n<p>A su turno, la secretaria de Salud, Andrea Perestiuk, mencion\u00f3 que \u201ces un d\u00eda de mucha alegr\u00eda y esta acci\u00f3n habla de c\u00f3mo se debe crecer y seguir avanzando desde una gesti\u00f3n municipal que piensa en todos los vecinos\u201d.<\/p>\n","protected":false},"excerpt":{"rendered":"<p>El intendente Arturo Rojas, funcionarios y concejales, acompa\u00f1ados por vecinos del lugar, inauguraron en la tarde del martes la posta de Salud y Prevenci\u00f3n en Av. 10 y 183, en una zona que est\u00e1 en constante crecimiento poblacional y que, por ende, necesitaba de este servicio de 24 horas que dar\u00e1 respuesta ante la emergencia, [&hellip;]<\/p>\n","protected":false},"author":3,"featured_media":96159,"comment_status":"closed","ping_status":"closed","sticky":false,"template":"","format":"standard","meta":{"footnotes":""},"categories":[3],"tags":[],"class_list":["post-96157","post","type-post","status-publish","format-standard","has-post-thumbnail","category-masnoticias"],"_links":{"self":[{"href":"https:\/\/primicias2262.com\/noticias\/wp-json\/wp\/v2\/posts\/96157","targetHints":{"allow":["GET"]}}],"collection":[{"href":"https:\/\/primicias2262.com\/noticias\/wp-json\/wp\/v2\/posts"}],"about":[{"href":"https:\/\/primicias2262.com\/noticias\/wp-json\/wp\/v2\/types\/post"}],"author":[{"embeddable":true,"href":"https:\/\/primicias2262.com\/noticias\/wp-json\/wp\/v2\/users\/3"}],"replies":[{"embeddable":true,"href":"https:\/\/primicias2262.com\/noticias\/wp-json\/wp\/v2\/comments?post=96157"}],"version-history":[{"count":0,"href":"https:\/\/primicias2262.com\/noticias\/wp-json\/wp\/v2\/posts\/96157\/revisions"}],"wp:attachment":[{"href":"https:\/\/primicias2262.com\/noticias\/wp-json\/wp\/v2\/media?parent=96157"}],"wp:term":[{"taxonomy":"category","embeddable":true,"href":"https:\/\/primicias2262.com\/noticias\/wp-json\/wp\/v2\/categories?post=96157"},{"taxonomy":"post_tag","embeddable":true,"href":"https:\/\/primicias2262.com\/noticias\/wp-json\/wp\/v2\/tags?post=96157"}],"curies":[{"name":"wp","href":"https:\/\/api.w.org\/{rel}","templated":true}]}}