{"id":96170,"date":"2022-12-21T14:32:10","date_gmt":"2022-12-21T17:32:10","guid":{"rendered":"https:\/\/primicias2262.com\/?p=96170"},"modified":"2022-12-21T14:32:10","modified_gmt":"2022-12-21T17:32:10","slug":"basta-de-hambre-y-desocupacion-este-jueves-habra-acampe-piquetero-en-57-y-52","status":"publish","type":"post","link":"https:\/\/primicias2262.com\/noticias\/basta-de-hambre-y-desocupacion-este-jueves-habra-acampe-piquetero-en-57-y-52\/","title":{"rendered":"\u201cBasta de hambre y desocupaci\u00f3n\u201d: este jueves habr\u00e1 acampe piquetero en 57 y 52"},"content":{"rendered":"<p><strong>Unidad Piquetera se manifestar\u00e1 durante 24 horas en la sede local del Ministerio de Desarrollo Social de Naci\u00f3n, en contra de las pol\u00edticas del gobierno nacional. Aducen recortes en Potenciar Trabajo y que los est\u00e1n llevando a un ajuste y no podr\u00e1n festejar la Navidad y el A\u00f1o Nuevo como corresponde.<\/strong><\/p>\n<p>En \u201cVoces de la Ciudad\u201d, el periodista Jorge G\u00f3mez dialog\u00f3 con uno de los referentes piqueteros locales, Sergio Molina, quien argument\u00f3 el acampe por 24 horas este jueves 22 desde las 14 en 57 y 52 \u201cpor esta situaci\u00f3n social a la que nos est\u00e1 llevando el gobierno\u201d.<\/p>\n<p>Si bien \u201ces una alegr\u00eda inmensa que hayamos ganado el Mundial y estamos muy contentos\u201d, lo cierto es que \u201ctenemos que volver a la realidad que vive el trabajador y el desocupado, y el gobierno est\u00e1 desconociendo un acuerdo que ha tenido con la Unidad Piquetera en la entrega de mercader\u00eda navide\u00f1a, dando un bono de miseria, y adem\u00e1s no hay cronograma de alimentos para comedores y merenderos en diciembre\u201d, apunt\u00f3 Molina.<\/p>\n<p>A ello, a\u00f1adi\u00f3 que \u201chay una gran cantidad de bajas en los movimientos sociales por los programas Potenciar Trabajo\u2026 hay m\u00e1s de 20 mil compa\u00f1eros que est\u00e1n sin trabajo ahora, siendo que hay necesidad de tener plata en el bolsillo en este momento, y el Estado est\u00e1 dando de baja el programa con estas auditor\u00edas\u201d.<\/p>\n<p>Por todo ello, van a acampar durante 24 horas desde este jueves: \u201c La idea es un acampe en 57 y 52 frente a Desarrollo Social de Naci\u00f3n contra el ajuste, inicia a las 14 hasta las 14 del viernes 24\u2026 el gobierno a las personas que est\u00e1n ocupadas y desocupadas nos ha hecho pasar un a\u00f1o no bueno, nos est\u00e1 llevando a un ajuste y a pasar unas fiestas no muy buenas\u201d, lament\u00f3 Molina.<\/p>\n<p>A continuaci\u00f3n se comparte el comunicado que dejaron trascender:<\/p>\n<p>Por una Navidad sin Hambre. Basta de bajas y de ajuste para pagar al Fondo Monetario<\/p>\n<p>Este jueves la Unidad Piquetera acampar\u00e1 frente a Desarrollo Social contra la pol\u00edtica de ajuste que lleva adelante el gobierno y que ejecuta la Ministra Tolosa Paz en el peor mes del a\u00f1o, en diciembre, en medio de la expectativa y ahora de los festejos por el Mundial, esperando arteramente que pase desapercibido.<\/p>\n<p>Por eso ya dieron 20.400 bajas afectando a miles de compa\u00f1eros, algunas de ellas colocando solamente el mote de \u201cinstrucci\u00f3n ministerial\u201d para justificarlas, es decir en forma arbitraria.<\/p>\n<p>El gobierno sigue con su plan de bajas masivas, en una situaci\u00f3n social cr\u00edtica de desocupaci\u00f3n sobre todo entre les j\u00f3venes y las mujeres, y con salarios de miseria. El bono de 6750 pesos en dos cuotas que anunciaron es una verdadera burla. Representa menos de lo que la Ministra millonaria gasta solo en un pan dulce.<\/p>\n<p>Adem\u00e1s siguen incumpliendo la entrega de alimentos para los comedores popularesvy merenderos, que sostienen el derecho a la alimentaci\u00f3n en los barrios m\u00e1s populares del pa\u00eds, a los que concurren jubilados y trabajadores precarizados.<\/p>\n<p>Este ajuste, que se produce para garantizar los acuerdos de Massa con el FMI y el pago de la deuda, cuenta con el aval de Alberto y Cristina Fern\u00e1ndez. Pero est\u00e1 yendo tan a fondo que hasta las organizaciones oficialistas, como la UTEP, han salido con duras declaraciones, aunque sin sacar los pies del plato. Levantan las medidas anunciadas, agachando la cabeza frente al avance del ajuste.<\/p>\n<p>Sobran motivos para luchar a d\u00edas de las fiestas, y de ganar un campeonato del Mundo. La Unidad Piquetera va a acampar este jueves contra las bajas, para que se garanticen los alimentos para los comedores populares, por herramientas de trabajo para los proyectos y por trabajo genuino.<\/p>\n<p>\u00a1POR UNA NAVIDAD SIN HAMBRE!<\/p>\n<p>\u00a1ACAMPE PIQUETERO!!!<\/p>\n","protected":false},"excerpt":{"rendered":"<p>Unidad Piquetera se manifestar\u00e1 durante 24 horas en la sede local del Ministerio de Desarrollo Social de Naci\u00f3n, en contra de las pol\u00edticas del gobierno nacional. Aducen recortes en Potenciar Trabajo y que los est\u00e1n llevando a un ajuste y no podr\u00e1n festejar la Navidad y el A\u00f1o Nuevo como corresponde. En \u201cVoces de la [&hellip;]<\/p>\n","protected":false},"author":3,"featured_media":96171,"comment_status":"closed","ping_status":"closed","sticky":false,"template":"","format":"standard","meta":{"footnotes":""},"categories":[3],"tags":[],"class_list":["post-96170","post","type-post","status-publish","format-standard","has-post-thumbnail","category-masnoticias"],"_links":{"self":[{"href":"https:\/\/primicias2262.com\/noticias\/wp-json\/wp\/v2\/posts\/96170","targetHints":{"allow":["GET"]}}],"collection":[{"href":"https:\/\/primicias2262.com\/noticias\/wp-json\/wp\/v2\/posts"}],"about":[{"href":"https:\/\/primicias2262.com\/noticias\/wp-json\/wp\/v2\/types\/post"}],"author":[{"embeddable":true,"href":"https:\/\/primicias2262.com\/noticias\/wp-json\/wp\/v2\/users\/3"}],"replies":[{"embeddable":true,"href":"https:\/\/primicias2262.com\/noticias\/wp-json\/wp\/v2\/comments?post=96170"}],"version-history":[{"count":0,"href":"https:\/\/primicias2262.com\/noticias\/wp-json\/wp\/v2\/posts\/96170\/revisions"}],"wp:attachment":[{"href":"https:\/\/primicias2262.com\/noticias\/wp-json\/wp\/v2\/media?parent=96170"}],"wp:term":[{"taxonomy":"category","embeddable":true,"href":"https:\/\/primicias2262.com\/noticias\/wp-json\/wp\/v2\/categories?post=96170"},{"taxonomy":"post_tag","embeddable":true,"href":"https:\/\/primicias2262.com\/noticias\/wp-json\/wp\/v2\/tags?post=96170"}],"curies":[{"name":"wp","href":"https:\/\/api.w.org\/{rel}","templated":true}]}}