{"id":96180,"date":"2022-12-22T18:04:33","date_gmt":"2022-12-22T21:04:33","guid":{"rendered":"https:\/\/primicias2262.com\/?p=96180"},"modified":"2022-12-22T18:04:33","modified_gmt":"2022-12-22T21:04:33","slug":"es-un-lugar-de-responsabilidad-y-vocacion-de-servicio-expreso-laura-bulesevich-tras-jurar-como-camarista","status":"publish","type":"post","link":"https:\/\/primicias2262.com\/noticias\/es-un-lugar-de-responsabilidad-y-vocacion-de-servicio-expreso-laura-bulesevich-tras-jurar-como-camarista\/","title":{"rendered":"\u201cEs un lugar de responsabilidad y vocaci\u00f3n de servicio\u201d, expres\u00f3 Laura Bulesevich tras jurar como camarista"},"content":{"rendered":"<p><strong>Quien se radicara en la ciudad desde peque\u00f1a y se desempe\u00f1ara hasta recientemente en el Poder Judicial jur\u00f3 esta semana e integrar\u00e1 la C\u00e1mara de Apelaci\u00f3n en lo Civil y Comercial junto a Ana Clara Iss\u00edn y Fabi\u00e1n Loaiza. Tras el acto de jura, la doctora estuvo en los estudios de \u201cVoces de la Ciudad\u201d, donde dialog\u00f3 con el periodista Jorge G\u00f3mez.<\/strong><\/p>\n<p>La flamante camarista de la C\u00e1mara Civil y Comercial del Departamento Judicial de Necochea, Laura Bulesevich, cont\u00f3 primeramente al aire que \u201cnac\u00ed en Buenos Aires y a los 5 a\u00f1os me vine a vivir a Necochea, mi padre es m\u00e9dico, vino a trabajar aqu\u00ed y nos trasladamos con la familia a vivir ac\u00e1. Fui a la Escuela Primaria N\u00ba 2 hasta 6to Grado y termin\u00e9 el secundario en la Escuela Danesa\u201d.<\/p>\n<p>Luego de ello cont\u00f3 que \u201cme fui a estudiar a Buenos Aires, en un principio me gustaban distintas carreras y me gustaban mucho los idiomas, entonces quer\u00eda estudiar para diplom\u00e1tica, me gustaban tambi\u00e9n las ingenier\u00edas y entr\u00e9 a la Facultad de Derecho de la UBA a los 18 a\u00f1os y me gustaba el ambiente universitario, as\u00ed que segu\u00ed derecho y a la par estudiaba distintos idiomas\u201d.<\/p>\n<p>\u201cDurante el transcurso de la carrera me apasion\u00e9 tanto con distintas materias y me gust\u00f3 tanto que me dediqu\u00e9 de lleno, tuve oportunidades laborales en Buenos Aires pero no me gustaba el ritmo de vida para proyectar una familia y la verdad que en Necochea uno desarrolla una calidad de vida distinta\u201d, reconoci\u00f3, por lo que \u201ccuando llegu\u00e9 a Necochea nuevamente ejerc\u00ed 13 a\u00f1os la profesi\u00f3n con un estudio propio y cuando tuve una oportunidad laboral de ingresar a la Defensor\u00eda General ingres\u00e9 al Poder Judicial y aprend\u00ed lo que era estar del lado del mostrador del Poder Judicial durante siete a\u00f1os, y fueron 20 a\u00f1os hasta hoy ese ejercicio profesional, que fue m\u00e1s desde un lugar de asistir a la gente que no tiene recursos, pero siempre desde un lugar de parte\u201d.<\/p>\n<p>Hasta que lleg\u00f3 su nueva etapa como camarista. \u201cEl concurso fue un proceso largo de m\u00e1s de tres a\u00f1os, fueron distintas etapas pero lleg\u00f3 a su fin y la verdad es que estoy muy contenta\u201d, expres\u00f3, para puntualizar que dicha C\u00e1mara donde se desempe\u00f1ar\u00e1 tiene competencia en tema alimentos con la cuota alimentaria, reg\u00edmenes comunicacionales, concursos y quiebras o temas de violencia. \u201cEs amplia la competencia, y se encuentra apuntando a paradigmas nuevos, como el de la igualdad, la perspectiva de ni\u00f1ez y el sujeto de derecho que se ve desde otro lugar, anteriormente el ni\u00f1o era m\u00e1s objeto y hoy con las convenciones y esta perspectiva de derechos humanos amplia permite que la ley se interprete de una manera m\u00e1s justa\u201d.<\/p>\n<p>La doctora Laura Bulesevich por lo tanto es nueva integrante\u00a0 de la C\u00e1mara de Apelaci\u00f3n en lo Civil y Comercial del Departamento Judicial de Necochea, organismo judicial donde la profesional estar\u00e1 junto a Fabi\u00e1n Loiza y Ana Clara Iss\u00edn.<\/p>\n<p>El acto de jura, se llev\u00f3 a cabo en la sede del Colegio de Magistrados, ante la presencia de familiares y allegados de la flamante camarista, como as\u00ed tambi\u00e9n de sus pares, autoridades de la entidad anfitriona y del Colegio de Abogados de Necochea.<\/p>\n<p>\u201cEs un lugar de mucha responsabilidad y de mucha vocaci\u00f3n de servicio\u201d, concluy\u00f3 la Doctora Bulesevich tras haber jurado, en relaci\u00f3n con su nueva funci\u00f3n dentro del Departamento Judicial de Necochea.<\/p>\n<p><strong>FOTO: Gentileza Hugo Moller<\/strong><\/p>\n","protected":false},"excerpt":{"rendered":"<p>Quien se radicara en la ciudad desde peque\u00f1a y se desempe\u00f1ara hasta recientemente en el Poder Judicial jur\u00f3 esta semana e integrar\u00e1 la C\u00e1mara de Apelaci\u00f3n en lo Civil y Comercial junto a Ana Clara Iss\u00edn y Fabi\u00e1n Loaiza. Tras el acto de jura, la doctora estuvo en los estudios de \u201cVoces de la Ciudad\u201d, [&hellip;]<\/p>\n","protected":false},"author":3,"featured_media":96181,"comment_status":"closed","ping_status":"closed","sticky":false,"template":"","format":"standard","meta":{"footnotes":""},"categories":[3],"tags":[],"class_list":["post-96180","post","type-post","status-publish","format-standard","has-post-thumbnail","category-masnoticias"],"_links":{"self":[{"href":"https:\/\/primicias2262.com\/noticias\/wp-json\/wp\/v2\/posts\/96180","targetHints":{"allow":["GET"]}}],"collection":[{"href":"https:\/\/primicias2262.com\/noticias\/wp-json\/wp\/v2\/posts"}],"about":[{"href":"https:\/\/primicias2262.com\/noticias\/wp-json\/wp\/v2\/types\/post"}],"author":[{"embeddable":true,"href":"https:\/\/primicias2262.com\/noticias\/wp-json\/wp\/v2\/users\/3"}],"replies":[{"embeddable":true,"href":"https:\/\/primicias2262.com\/noticias\/wp-json\/wp\/v2\/comments?post=96180"}],"version-history":[{"count":0,"href":"https:\/\/primicias2262.com\/noticias\/wp-json\/wp\/v2\/posts\/96180\/revisions"}],"wp:attachment":[{"href":"https:\/\/primicias2262.com\/noticias\/wp-json\/wp\/v2\/media?parent=96180"}],"wp:term":[{"taxonomy":"category","embeddable":true,"href":"https:\/\/primicias2262.com\/noticias\/wp-json\/wp\/v2\/categories?post=96180"},{"taxonomy":"post_tag","embeddable":true,"href":"https:\/\/primicias2262.com\/noticias\/wp-json\/wp\/v2\/tags?post=96180"}],"curies":[{"name":"wp","href":"https:\/\/api.w.org\/{rel}","templated":true}]}}