{"id":96205,"date":"2022-12-23T14:35:45","date_gmt":"2022-12-23T17:35:45","guid":{"rendered":"https:\/\/primicias2262.com\/?p=96205"},"modified":"2022-12-23T14:35:45","modified_gmt":"2022-12-23T17:35:45","slug":"postergaron-el-concierto-navideno-para-el-viernes-30","status":"publish","type":"post","link":"https:\/\/primicias2262.com\/noticias\/postergaron-el-concierto-navideno-para-el-viernes-30\/","title":{"rendered":"Postergaron el Concierto Navide\u00f1o para el viernes 30"},"content":{"rendered":"<div class=\"wp-block-media-text is-stacked-on-mobile is-vertically-aligned-top\">\n<div class=\"wp-block-media-text__content\">\n<p>Por las condiciones climatol\u00f3gicas vigentes y la alerta meteorol\u00f3gica lanzada por el Servicio Nacional para la noche de este viernes y la madrugada del s\u00e1bado, la Direcci\u00f3n de Cultura municipal decidi\u00f3 posponer el Concierto Navide\u00f1o que tiene pautado comenzar a las 20:30 de hoy y reprogramarlo para el pr\u00f3ximo 30 de diciembre, justo antes de los festejos por la llegada del A\u00f1o Nuevo.<\/p>\n<p>En cuanto a los espect\u00e1culos anunciados, el cronograma permanecer\u00e1 id\u00e9ntico, esper\u00e1ndose por la presentaci\u00f3n de Jos\u00e9 Luis Rodr\u00edguez, desde las 20:30, y de Carlos Demian Paludi, a las 21; adem\u00e1s de las actuaciones de las bandas locales Clavija Sachera, La Clave y Los Borbotones, con horarios de comienzo de cada show a las 21:15, 21:45 y 22:15, respectivamente.<\/p>\n<p>El evento tendr\u00e1 desarrollo en un escenario armado al pie del pabell\u00f3n nacional ubicado frente al municipio, hasta donde se invita a acercarse a todos los vecinos del distrito, \u201ccon su manta, su reposera o su sillita, para poder estar c\u00f3modos y disfrutar de los espect\u00e1culos\u201d, expres\u00f3 el director del \u00e1rea organizadora, Juan Gamba.<\/p>\n<\/div>\n<\/div>\n<p>La \u00fanica modificaci\u00f3n al cronograma ser\u00e1, l\u00f3gicamente, la de la colocaci\u00f3n de la figura del ni\u00f1o Jes\u00fas en el pesebre gigante de la Plaza Dardo Rocha, que estaba pautado entregar\u00eda el intendente Arturo Rojas a una familia para compartir el emotivo momento. Al respecto, desde la dependencia confirmaron que ser\u00e1 ubicada en la v\u00edspera de la Noche Buena, por personal de la misma.<\/p>\n<p><a href=\"https:\/\/primicias2262.com\/wp-content\/uploads\/2022\/12\/PLACA-Concierto-Navideno.jpeg\"><img loading=\"lazy\" decoding=\"async\" class=\"aligncenter size-large wp-image-96206\" src=\"https:\/\/primicias2262.com\/wp-content\/uploads\/2022\/12\/PLACA-Concierto-Navideno-1024x1024.jpeg\" alt=\"\" width=\"696\" height=\"696\" \/><\/a><\/p>\n","protected":false},"excerpt":{"rendered":"<p>Por las condiciones climatol\u00f3gicas vigentes y la alerta meteorol\u00f3gica lanzada por el Servicio Nacional para la noche de este viernes y la madrugada del s\u00e1bado, la Direcci\u00f3n de Cultura municipal decidi\u00f3 posponer el Concierto Navide\u00f1o que tiene pautado comenzar a las 20:30 de hoy y reprogramarlo para el pr\u00f3ximo 30 de diciembre, justo antes de [&hellip;]<\/p>\n","protected":false},"author":3,"featured_media":96200,"comment_status":"closed","ping_status":"closed","sticky":false,"template":"","format":"standard","meta":{"footnotes":""},"categories":[3],"tags":[],"class_list":["post-96205","post","type-post","status-publish","format-standard","has-post-thumbnail","category-masnoticias"],"_links":{"self":[{"href":"https:\/\/primicias2262.com\/noticias\/wp-json\/wp\/v2\/posts\/96205","targetHints":{"allow":["GET"]}}],"collection":[{"href":"https:\/\/primicias2262.com\/noticias\/wp-json\/wp\/v2\/posts"}],"about":[{"href":"https:\/\/primicias2262.com\/noticias\/wp-json\/wp\/v2\/types\/post"}],"author":[{"embeddable":true,"href":"https:\/\/primicias2262.com\/noticias\/wp-json\/wp\/v2\/users\/3"}],"replies":[{"embeddable":true,"href":"https:\/\/primicias2262.com\/noticias\/wp-json\/wp\/v2\/comments?post=96205"}],"version-history":[{"count":0,"href":"https:\/\/primicias2262.com\/noticias\/wp-json\/wp\/v2\/posts\/96205\/revisions"}],"wp:attachment":[{"href":"https:\/\/primicias2262.com\/noticias\/wp-json\/wp\/v2\/media?parent=96205"}],"wp:term":[{"taxonomy":"category","embeddable":true,"href":"https:\/\/primicias2262.com\/noticias\/wp-json\/wp\/v2\/categories?post=96205"},{"taxonomy":"post_tag","embeddable":true,"href":"https:\/\/primicias2262.com\/noticias\/wp-json\/wp\/v2\/tags?post=96205"}],"curies":[{"name":"wp","href":"https:\/\/api.w.org\/{rel}","templated":true}]}}