{"id":96208,"date":"2022-12-23T14:49:54","date_gmt":"2022-12-23T17:49:54","guid":{"rendered":"https:\/\/primicias2262.com\/?p=96208"},"modified":"2022-12-23T14:49:54","modified_gmt":"2022-12-23T17:49:54","slug":"las-claves-del-nuevo-diseno-curricular-para-la-educacion-inicial-bonaerense","status":"publish","type":"post","link":"https:\/\/primicias2262.com\/noticias\/las-claves-del-nuevo-diseno-curricular-para-la-educacion-inicial-bonaerense\/","title":{"rendered":"Las claves del nuevo dise\u00f1o curricular\u00a0para la Educaci\u00f3n inicial bonaerense"},"content":{"rendered":"<p><strong>Tras un extenso debate, el Consejo General de Educaci\u00f3n bonaerense aval\u00f3 el nuevo dise\u00f1o curricular para la Educaci\u00f3n Inicial para 2023.<\/strong><\/p>\n<p>En su \u00faltima sesi\u00f3n del a\u00f1o, el Consejo General de Educaci\u00f3n bonaerense aprob\u00f3 el nuevo dise\u00f1o curricular para Educaci\u00f3n inicial a implementarse desde el ciclo lectivo 2023.<\/p>\n<p>La reuni\u00f3n, fue presidida por el ministro de Educaci\u00f3n provincial, Alberto Sileoni.<\/p>\n<p>Los representantes educativos tomaron de base unos 10 principios expuestos en el documento Educaci\u00f3n Bonaerense Plan de trabajo 2022-2023.<\/p>\n<p>El documento se centra en promover y garantizar \u201cel derecho a la educaci\u00f3n de ni\u00f1as y ni\u00f1os con discapacidad\u201d y favorecer \u201cel desarrollo integral de las infancias brindando seguridad y confianza, en un clima de hospitalidad, afecto y comprensi\u00f3n\u201d.<\/p>\n<p><strong>Los ejes del nuevo dise\u00f1o\u00a0curricular en educaci\u00f3n inicial<\/strong><\/p>\n<p>Las modificaciones buscan dar mayor centralidad a la ense\u00f1anza y el juego en edades tempranas.<\/p>\n<p>En los contenidos, se incorporar\u00e1n nuevas perspectivas en relaci\u00f3n con la transversalidad de la ESI, la educaci\u00f3n intercultural, la educaci\u00f3n inclusiva, la educaci\u00f3n integral Ambiental y la incorporaci\u00f3n de la educaci\u00f3n digital.<\/p>\n<p>En consonancia, se pretende fortalecer \u201cel avance en todos sus aprendizajes, incorporar las perspectivas de g\u00e9nero y la ESI en el marco de una educaci\u00f3n intercultural que busca impulsar en las infancias valores y actitudes relacionadas con la solidaridad, el di\u00e1logo, la libertad y la justicia\u201d.<\/p>\n<p>Al respecto, Sileoni indic\u00f3 que \u201cse trata de un dise\u00f1o curricular democr\u00e1tico, que ha sido consultado a miles de docentes, decenas de familias y que va a ser implementado con mucha dedicaci\u00f3n en nuestras escuelas\u201d.<\/p>\n<p>\u201cHace 40 a\u00f1os la sala de 5 a\u00f1os del nivel Inicial ten\u00eda 60 por ciento de cobertura y con la democracia ha conseguido m\u00e1s del 90 por ciento. Estamos absolutamente convencidos que si hay algo que cambia el destino de las personas es la educaci\u00f3n\u201d dijo.<\/p>\n<p>Para el funcionario provincial, \u201ceste nuevo dise\u00f1o es el resultado de un proceso dial\u00f3gico, p\u00fablico, democr\u00e1tico y permanente, y que va a tener un impacto positivo en la ense\u00f1anza y los aprendizajes de miles de ni\u00f1as y ni\u00f1os de nuestra Provincia\u201d.<\/p>\n<p>Es importante resaltar, en este sentido, que el nuevo dise\u00f1o articula con todas las modalidades del sistema educativo con el fin de \u201cfortalecer, sostener y promover la construcci\u00f3n de mejoras en las pr\u00e1cticas de ense\u00f1anza\u201d.<\/p>\n<p>\u201cPara nosotros la aprobaci\u00f3n del dise\u00f1o es una decisi\u00f3n muy significativa porque va a consolidar el paso que venimos dando para que la Educaci\u00f3n Inicial tenga mucho m\u00e1s alcance en nuestra provincia de Buenos Aires\u201d, concluy\u00f3 Alberto Sileoni.<\/p>\n","protected":false},"excerpt":{"rendered":"<p>Tras un extenso debate, el Consejo General de Educaci\u00f3n bonaerense aval\u00f3 el nuevo dise\u00f1o curricular para la Educaci\u00f3n Inicial para 2023. En su \u00faltima sesi\u00f3n del a\u00f1o, el Consejo General de Educaci\u00f3n bonaerense aprob\u00f3 el nuevo dise\u00f1o curricular para Educaci\u00f3n inicial a implementarse desde el ciclo lectivo 2023. La reuni\u00f3n, fue presidida por el ministro [&hellip;]<\/p>\n","protected":false},"author":3,"featured_media":94195,"comment_status":"closed","ping_status":"closed","sticky":false,"template":"","format":"standard","meta":{"footnotes":""},"categories":[3],"tags":[],"class_list":["post-96208","post","type-post","status-publish","format-standard","has-post-thumbnail","category-masnoticias"],"_links":{"self":[{"href":"https:\/\/primicias2262.com\/noticias\/wp-json\/wp\/v2\/posts\/96208","targetHints":{"allow":["GET"]}}],"collection":[{"href":"https:\/\/primicias2262.com\/noticias\/wp-json\/wp\/v2\/posts"}],"about":[{"href":"https:\/\/primicias2262.com\/noticias\/wp-json\/wp\/v2\/types\/post"}],"author":[{"embeddable":true,"href":"https:\/\/primicias2262.com\/noticias\/wp-json\/wp\/v2\/users\/3"}],"replies":[{"embeddable":true,"href":"https:\/\/primicias2262.com\/noticias\/wp-json\/wp\/v2\/comments?post=96208"}],"version-history":[{"count":0,"href":"https:\/\/primicias2262.com\/noticias\/wp-json\/wp\/v2\/posts\/96208\/revisions"}],"wp:attachment":[{"href":"https:\/\/primicias2262.com\/noticias\/wp-json\/wp\/v2\/media?parent=96208"}],"wp:term":[{"taxonomy":"category","embeddable":true,"href":"https:\/\/primicias2262.com\/noticias\/wp-json\/wp\/v2\/categories?post=96208"},{"taxonomy":"post_tag","embeddable":true,"href":"https:\/\/primicias2262.com\/noticias\/wp-json\/wp\/v2\/tags?post=96208"}],"curies":[{"name":"wp","href":"https:\/\/api.w.org\/{rel}","templated":true}]}}