{"id":96211,"date":"2022-12-23T14:00:59","date_gmt":"2022-12-23T17:00:59","guid":{"rendered":"https:\/\/primicias2262.com\/?p=96211"},"modified":"2022-12-23T14:00:59","modified_gmt":"2022-12-23T17:00:59","slug":"entrada-la-madrugada-de-este-viernes-se-levanto-el-acampe-de-unidad-piquetera-en-52-y-57","status":"publish","type":"post","link":"https:\/\/primicias2262.com\/noticias\/entrada-la-madrugada-de-este-viernes-se-levanto-el-acampe-de-unidad-piquetera-en-52-y-57\/","title":{"rendered":"Entrada la madrugada de este viernes se levant\u00f3 el acampe de\u00a0Unidad Piquetera en 52 y 57"},"content":{"rendered":"<p>La Unidad Piquetera de Necochea y Quequ\u00e9n, como sucedi\u00f3 en ciudades del pa\u00eds, realiz\u00f3 desde la siesta del jueves un acampe frente a las oficinas del Ministerio de Desarrollo Social de la Naci\u00f3n, que localmente tienen su asiento en la esquina de 52 y 57. Si bien la idea inicial de los piqueteros era mantener la protesta durante 24 horas, la misma se levant\u00f3 pasada las 2 de la madrugada de este viernes.<\/p>\n<p>Desde el citado grupo se apunt\u00f3 que se levantaron las carpas antes de la tormenta, que comenz\u00f3 alrededor de las 3 de la ma\u00f1ana, y adem\u00e1s argumentaron que se demostr\u00f3 un compromiso en Buenos Aires para darle una soluci\u00f3n al reclamo que presentaban<\/p>\n<p>La consigna de la protesta pac\u00edfica de Unidad Piquetera se bas\u00f3 en la siguiente expresi\u00f3n: \u00abPor una Navidad sin Hambre. Basta de bajas y de ajuste para pagar al Fondo Monetario\u00bb, entre otros fundamentos.<\/p>\n","protected":false},"excerpt":{"rendered":"<p>La Unidad Piquetera de Necochea y Quequ\u00e9n, como sucedi\u00f3 en ciudades del pa\u00eds, realiz\u00f3 desde la siesta del jueves un acampe frente a las oficinas del Ministerio de Desarrollo Social de la Naci\u00f3n, que localmente tienen su asiento en la esquina de 52 y 57. Si bien la idea inicial de los piqueteros era mantener [&hellip;]<\/p>\n","protected":false},"author":3,"featured_media":96212,"comment_status":"closed","ping_status":"closed","sticky":false,"template":"","format":"standard","meta":{"footnotes":""},"categories":[3],"tags":[],"class_list":["post-96211","post","type-post","status-publish","format-standard","has-post-thumbnail","category-masnoticias"],"_links":{"self":[{"href":"https:\/\/primicias2262.com\/noticias\/wp-json\/wp\/v2\/posts\/96211","targetHints":{"allow":["GET"]}}],"collection":[{"href":"https:\/\/primicias2262.com\/noticias\/wp-json\/wp\/v2\/posts"}],"about":[{"href":"https:\/\/primicias2262.com\/noticias\/wp-json\/wp\/v2\/types\/post"}],"author":[{"embeddable":true,"href":"https:\/\/primicias2262.com\/noticias\/wp-json\/wp\/v2\/users\/3"}],"replies":[{"embeddable":true,"href":"https:\/\/primicias2262.com\/noticias\/wp-json\/wp\/v2\/comments?post=96211"}],"version-history":[{"count":0,"href":"https:\/\/primicias2262.com\/noticias\/wp-json\/wp\/v2\/posts\/96211\/revisions"}],"wp:attachment":[{"href":"https:\/\/primicias2262.com\/noticias\/wp-json\/wp\/v2\/media?parent=96211"}],"wp:term":[{"taxonomy":"category","embeddable":true,"href":"https:\/\/primicias2262.com\/noticias\/wp-json\/wp\/v2\/categories?post=96211"},{"taxonomy":"post_tag","embeddable":true,"href":"https:\/\/primicias2262.com\/noticias\/wp-json\/wp\/v2\/tags?post=96211"}],"curies":[{"name":"wp","href":"https:\/\/api.w.org\/{rel}","templated":true}]}}