{"id":96214,"date":"2022-12-24T16:06:50","date_gmt":"2022-12-24T19:06:50","guid":{"rendered":"https:\/\/primicias2262.com\/?p=96214"},"modified":"2022-12-24T16:06:50","modified_gmt":"2022-12-24T19:06:50","slug":"inspecciones-del-municipio-para-regular-la-venta-de-pirotecnia","status":"publish","type":"post","link":"https:\/\/primicias2262.com\/noticias\/inspecciones-del-municipio-para-regular-la-venta-de-pirotecnia\/","title":{"rendered":"Inspecciones del municipio para regular la venta de pirotecnia"},"content":{"rendered":"<p>Durante la semana, a trav\u00e9s de la Direcci\u00f3n de Control Urbano, el Departamento Ejecutivo intensific\u00f3 el operativo de inspecci\u00f3n para la venta de elementos de pirotecnia, teniendo en cuenta la llegada de la Noche Buena y para evitar posibles incidentes.<\/p>\n<p>Con el apoyo de la Delegaci\u00f3n de Explosivos local, personal del \u00e1rea dependiente de la Secretar\u00eda de Gobierno hace foco en el cumplimiento de la Ordenanza Municipal N\u00ba 8548\/15, acentuando el accionar durante las jornadas previas a los festejos, por lo que tambi\u00e9n se concentrar\u00e1n en tareas afines durante los pr\u00f3ximos 29 y 30 de diciembre.<\/p>\n<p>\u201cDurante los controles de este jueves, solo encontramos uno de los comercios habilitados para la venta con falta de documentaci\u00f3n\u201d, explic\u00f3 Juan Manuel Laportilla, titular de la dependencia de la comuna, agregando que se procedi\u00f3 a intimarlo para que realice el tr\u00e1mite esta misma ma\u00f1ana, \u201cde lo contario se le decomisar\u00e1 la mercader\u00eda\u201d, ampli\u00f3 el funcionario.<\/p>\n<p>En ese sentido, el titular del \u00e1rea de Control Urbano calific\u00f3 a la inspecci\u00f3n como \u201cpositiva\u201d, ya que \u201clos locales estaban en regla\u201d, aunque determin\u00f3 que continuar\u00e1n con el accionar durante la jornada de este viernes y llam\u00f3 a la ciudadan\u00eda a denunciar cualquier hecho que les resulte sospechoso comunic\u00e1ndose al 147.<\/p>\n<p>Para realizar un control \u00f3ptimo, \u201cnecesitamos la colaboraci\u00f3n de la gente\u201d, por lo que \u201cvamos a estar recepcionando denuncias por parte de la poblaci\u00f3n\u201d, confirm\u00f3.<\/p>\n<p>Los operativos implementados por el municipio van de la mano con la reciente aprobaci\u00f3n de la Ley de Pirotecnia Cero en la provincia de Buenos Aires, que entrar\u00e1 en vigencia una vez promulgada y a la que deber\u00e1 plegarse el Concejo Deliberante, modificando el actual decreto.<\/p>\n<p>Seg\u00fan establece el texto sancionado por la C\u00e1mara de Diputados bonaerense, queda prohibido en todo el territorio \u201cla venta al p\u00fablico minorista, la venta ambulante en la v\u00eda p\u00fablica y el uso particular de artificios pirot\u00e9cnicos y de coheter\u00eda de uso recreativo de alto impacto sonoro, cualquiera fuera su caracter\u00edstica y naturaleza, como as\u00ed tambi\u00e9n los denominados globos aerost\u00e1ticos de pirotecnia\u201d.<\/p>\n<p>La norma excluye a los artificios de uso pr\u00e1ctico como los destinados a se\u00f1ales de auxilio, emergencias, uso de las fuerzas armadas, de seguridad o defensa civil y los de uso profesional, as\u00ed como los que s\u00f3lo produzcan efectos lum\u00ednicos; y se conocer\u00e1 m\u00e1s sobre su implementaci\u00f3n con el correr de los d\u00edas.<\/p>\n","protected":false},"excerpt":{"rendered":"<p>Durante la semana, a trav\u00e9s de la Direcci\u00f3n de Control Urbano, el Departamento Ejecutivo intensific\u00f3 el operativo de inspecci\u00f3n para la venta de elementos de pirotecnia, teniendo en cuenta la llegada de la Noche Buena y para evitar posibles incidentes. Con el apoyo de la Delegaci\u00f3n de Explosivos local, personal del \u00e1rea dependiente de la [&hellip;]<\/p>\n","protected":false},"author":3,"featured_media":96215,"comment_status":"closed","ping_status":"closed","sticky":false,"template":"","format":"standard","meta":{"footnotes":""},"categories":[3],"tags":[],"class_list":["post-96214","post","type-post","status-publish","format-standard","has-post-thumbnail","category-masnoticias"],"_links":{"self":[{"href":"https:\/\/primicias2262.com\/noticias\/wp-json\/wp\/v2\/posts\/96214","targetHints":{"allow":["GET"]}}],"collection":[{"href":"https:\/\/primicias2262.com\/noticias\/wp-json\/wp\/v2\/posts"}],"about":[{"href":"https:\/\/primicias2262.com\/noticias\/wp-json\/wp\/v2\/types\/post"}],"author":[{"embeddable":true,"href":"https:\/\/primicias2262.com\/noticias\/wp-json\/wp\/v2\/users\/3"}],"replies":[{"embeddable":true,"href":"https:\/\/primicias2262.com\/noticias\/wp-json\/wp\/v2\/comments?post=96214"}],"version-history":[{"count":0,"href":"https:\/\/primicias2262.com\/noticias\/wp-json\/wp\/v2\/posts\/96214\/revisions"}],"wp:attachment":[{"href":"https:\/\/primicias2262.com\/noticias\/wp-json\/wp\/v2\/media?parent=96214"}],"wp:term":[{"taxonomy":"category","embeddable":true,"href":"https:\/\/primicias2262.com\/noticias\/wp-json\/wp\/v2\/categories?post=96214"},{"taxonomy":"post_tag","embeddable":true,"href":"https:\/\/primicias2262.com\/noticias\/wp-json\/wp\/v2\/tags?post=96214"}],"curies":[{"name":"wp","href":"https:\/\/api.w.org\/{rel}","templated":true}]}}