{"id":96238,"date":"2022-12-24T16:12:33","date_gmt":"2022-12-24T19:12:33","guid":{"rendered":"https:\/\/primicias2262.com\/?p=96238"},"modified":"2022-12-24T16:12:33","modified_gmt":"2022-12-24T19:12:33","slug":"optimismo-de-rojas-para-la-sesion-del-lunes-por-el-presupuesto-y-la-recoleccion-de-residuos","status":"publish","type":"post","link":"https:\/\/primicias2262.com\/noticias\/optimismo-de-rojas-para-la-sesion-del-lunes-por-el-presupuesto-y-la-recoleccion-de-residuos\/","title":{"rendered":"Optimismo de Rojas para la sesi\u00f3n del lunes por el Presupuesto y la recolecci\u00f3n de residuos"},"content":{"rendered":"<p><strong>El intendente de Necochea pas\u00f3 por los estudios de \u201cVoces de la Ciudad\u201d y charl\u00f3 sobre varios temas planteados por el periodista Jorge G\u00f3mez, entre los que hizo \u00e9nfasis en el Presupuesto 2023 y el nuevo acuerdo con la empresa de recolecci\u00f3n RELISA, con la pronta construcci\u00f3n de la planta de tratamiento de los residuos s\u00f3lidos.<\/strong><\/p>\n<p>En la v\u00edspera de Nochebuena y Navidad, el intendente Arturo Rojas se\u00f1al\u00f3 primeramente de cara a la sesi\u00f3n del Concejo Deliberante del pr\u00f3ximo lunes 26 que \u201cel presupuesto de gastos para 2023 tiene un importante componente de recursos para obras p\u00fablicas, desde bicisendas, iluminaci\u00f3n, recuperaci\u00f3n de espacios p\u00fablicos, pluviales y cord\u00f3n cuneta\u2026 son alrededor de 1200 millones de pesos por recursos municipales volcados a la Secretar\u00eda de Obras P\u00fablicas, y a su vez un importante componente en el \u00e1rea de Salud\u201d.<\/p>\n<p>Asimismo, dentro del presupuesto \u201chay fondos previstos para la culminaci\u00f3n de obras que venimos ejecutando y tienen componentes municipales, como la pista de atletismo o el Polideportivo de 98 y 67; el asfalto de la Av. 58 por ambas manos de 81 a 91 o el CAPS de Barrio Norte\u201d, enumer\u00f3, para manifestar que \u201ccreemos que la oposici\u00f3n va a terminar acompa\u00f1ando en su amplia mayor\u00eda\u201d.<\/p>\n<p>Respecto al tema de la basura, \u201ces una de las grandes problem\u00e1ticas del distrito que ha trascendido a todos los gobiernos\u201d, insisti\u00f3, para apuntar que \u201cquiero aclarar que en el contrato que hab\u00eda antes de 2015, la construcci\u00f3n de la planta para el tratamiento de los residuos no era obligatoria, sino opcional, y es la problem\u00e1tica que estamos tratando de resolver ahora. Incluso, a partir del 2015 empez\u00f3 a ser obligatorio el tema de la construcci\u00f3n de la planta, pero no se hizo\u201d.<\/p>\n<p>No obstante, record\u00f3 que \u201chab\u00eda una deuda que en 2016 se conveni\u00f3 pagar por la Municipalidad y a su vez la empresa ten\u00eda que construir la planta, esto fue homologado por el Concejo Deliberante y homologado judicialmente, pero la Municipalidad no cumpli\u00f3 ninguna de las cuotas (administraci\u00f3n del intendente Facundo L\u00f3pez por aquel entonces), el convenio no se pag\u00f3 y por lo tanto no se le pudo exigir a la empresa la construcci\u00f3n de la planta\u201d.<\/p>\n<p>A su vez, el Intendente explic\u00f3 que \u201cla deuda consolidada y homologada judicialmente tiene otros juicios cruzados, y todo el volumen entre lo que est\u00e1 judicializado y conveniado hoy ronda los 1200 millones de pesos, y si esto lo dejamos para el a\u00f1o que viene va a ser exactamente el doble\u201d, por eso la celeridad del caso.<\/p>\n<p>En vistas a ello, Rojas afirm\u00f3 que \u201cnosotros como condici\u00f3n sine qua non para poder arribar a un acuerdo, dijimos que la empresa en un plazo razonable tiene que tener la planta de separaci\u00f3n de residuos construida y la disposici\u00f3n final como corresponde. Esa construcci\u00f3n que debe hacer la empresa es en menos de siete meses y es anterior a que el municipio pague la primera cuota\u201d, y resalt\u00f3 que \u201cpor primera vez hemos logrado hacer una quita importante sobre la deuda del 20%, una reducci\u00f3n del 20% sobre los intereses y logramos plazo de gracia de 12 meses para empezar a pagar, o sea, en enero de 2024 se empezar\u00eda a pagar con un plazo de 36 cuotas. Tiene que ser un punto de inflexi\u00f3n y apuntamos a que esto se haga\u201d.<\/p>\n<p>Acerca del tema de la separaci\u00f3n de residuos, la planta de tratamiento y la disposici\u00f3n final, Rojas se\u00f1al\u00f3 que \u201crepresenta un cambio cultural que tenemos que tener en nuestra ciudad, empezar a separar en origen en nuestras casas y todo lo que se va a tener que trabajar en t\u00e9rminos de educaci\u00f3n en los establecimientos educativos, m\u00e1s all\u00e1 de nuestra comunicaci\u00f3n\u201d.<\/p>\n<p>Finalmente, se refiri\u00f3 a las opciones que cuentan como lugares para la construcci\u00f3n de la planta de tratamiento por parte de la empresa: \u201cHab\u00eda una posibilidad cercano a la ribera\u2026 ac\u00e1 no estamos planteando poner una planta de tratamiento y un basural nuevo, sino que la disposici\u00f3n final se tiene que hacer en el t\u00e9rmino de los siete meses en otro lado. Hay otras opciones, aunque vamos a tratar de que el lugar definitivo est\u00e9 aprobado lo antes posible para que empiece a correr el plazo de siete meses, y puede llegar a ser en un lugar de Quequ\u00e9n\u201d.<\/p>\n","protected":false},"excerpt":{"rendered":"<p>El intendente de Necochea pas\u00f3 por los estudios de \u201cVoces de la Ciudad\u201d y charl\u00f3 sobre varios temas planteados por el periodista Jorge G\u00f3mez, entre los que hizo \u00e9nfasis en el Presupuesto 2023 y el nuevo acuerdo con la empresa de recolecci\u00f3n RELISA, con la pronta construcci\u00f3n de la planta de tratamiento de los residuos [&hellip;]<\/p>\n","protected":false},"author":3,"featured_media":93359,"comment_status":"closed","ping_status":"closed","sticky":false,"template":"","format":"standard","meta":{"footnotes":""},"categories":[3],"tags":[],"class_list":["post-96238","post","type-post","status-publish","format-standard","has-post-thumbnail","category-masnoticias"],"_links":{"self":[{"href":"https:\/\/primicias2262.com\/noticias\/wp-json\/wp\/v2\/posts\/96238","targetHints":{"allow":["GET"]}}],"collection":[{"href":"https:\/\/primicias2262.com\/noticias\/wp-json\/wp\/v2\/posts"}],"about":[{"href":"https:\/\/primicias2262.com\/noticias\/wp-json\/wp\/v2\/types\/post"}],"author":[{"embeddable":true,"href":"https:\/\/primicias2262.com\/noticias\/wp-json\/wp\/v2\/users\/3"}],"replies":[{"embeddable":true,"href":"https:\/\/primicias2262.com\/noticias\/wp-json\/wp\/v2\/comments?post=96238"}],"version-history":[{"count":0,"href":"https:\/\/primicias2262.com\/noticias\/wp-json\/wp\/v2\/posts\/96238\/revisions"}],"wp:attachment":[{"href":"https:\/\/primicias2262.com\/noticias\/wp-json\/wp\/v2\/media?parent=96238"}],"wp:term":[{"taxonomy":"category","embeddable":true,"href":"https:\/\/primicias2262.com\/noticias\/wp-json\/wp\/v2\/categories?post=96238"},{"taxonomy":"post_tag","embeddable":true,"href":"https:\/\/primicias2262.com\/noticias\/wp-json\/wp\/v2\/tags?post=96238"}],"curies":[{"name":"wp","href":"https:\/\/api.w.org\/{rel}","templated":true}]}}