{"id":96247,"date":"2022-12-24T17:02:56","date_gmt":"2022-12-24T20:02:56","guid":{"rendered":"https:\/\/primicias2262.com\/?p=96247"},"modified":"2022-12-24T17:02:56","modified_gmt":"2022-12-24T20:02:56","slug":"urgara-entrego-certificados-a-nuevos-peritos-en-granos","status":"publish","type":"post","link":"https:\/\/primicias2262.com\/noticias\/urgara-entrego-certificados-a-nuevos-peritos-en-granos\/","title":{"rendered":"Urgara entreg\u00f3 certificados a nuevos peritos en granos"},"content":{"rendered":"<p><strong>Con la presencia del director del Centro de Formaci\u00f3n Profesional del gremio, Fernando Caminos.<\/strong><\/p>\n<p>Egresados del curso de perito en granos y oleaginosas brindado este a\u00f1o por\u00a0 Urgara, a trav\u00e9s de su centro de formaci\u00f3n profesional, recibieron el jueves \u00faltimo sus correspondientes certificados y diplomas en la sede de la Seccional Necochea del gremio.<\/p>\n<p>Adem\u00e1s del secretario general de dicha seccional, Juan Carlos Peralta, acompa\u00f1ado de otros miembros de la comisi\u00f3n directiva, asisti\u00f3 Fernando Caminos, director del Centro de Formaci\u00f3n Profesional de Recibidores de Granos y Anexos N \u00b0 422 (Ceforga).<\/p>\n<p><a href=\"https:\/\/primicias2262.com\/wp-content\/uploads\/2022\/12\/IMG-20221224-WA0049.jpg\"><img loading=\"lazy\" decoding=\"async\" class=\"aligncenter size-large wp-image-96248\" src=\"https:\/\/primicias2262.com\/wp-content\/uploads\/2022\/12\/IMG-20221224-WA0049-1024x695.jpg\" alt=\"\" width=\"696\" height=\"472\" \/><\/a><\/p>\n<p>Antes de hacer la entrega, Peralta destac\u00f3 el esfuerzo realizado por los m\u00e1s de 30 egresados, de las m\u00e1s diversas edades, se\u00f1al\u00e1ndolos como \u201cfuturos trabajadores\u201d a los que el gremio representar\u00e1, dese\u00e1ndoles \u00e9xito en su b\u00fasqueda de inserci\u00f3n laboral, pese a las dificultades existentes en el actual marco econ\u00f3mico.<\/p>\n<p>Tambi\u00e9n destac\u00f3 la importancia de la presencia de Caminos en el acto, ya que adem\u00e1s de director del Ceforga, forma parte de la central de Urgara (abogado y escribano, es asesor letrado del gremio desde hace muchos a\u00f1os).<\/p>\n<p>\u201cEstamos convencidos de que para el gremio es una obligaci\u00f3n capacitar y formar, m\u00e1s all\u00e1 de la representaci\u00f3n que tanto el estatuto como los convenios colectivos de trabajo le otorgan a las entidades sindicales\u201d, expres\u00f3 Caminos.<\/p>\n<p><a href=\"https:\/\/primicias2262.com\/wp-content\/uploads\/2022\/12\/IMG-20221224-WA0054.jpg\"><img loading=\"lazy\" decoding=\"async\" class=\"aligncenter size-large wp-image-96250\" src=\"https:\/\/primicias2262.com\/wp-content\/uploads\/2022\/12\/IMG-20221224-WA0054-1024x698.jpg\" alt=\"\" width=\"696\" height=\"474\" \/><\/a><\/p>\n<p>Resalt\u00f3 que, tal como lo se\u00f1alan reiteradamente en Urgara, por las manos de sus trabajadores \u201cpasa la mayor riqueza de nuestro pa\u00eds\u201d, por lo que \u201cdebe hacerse honor a eso formando buenos peritos, ya que son quienes, en definitiva, le dan el valor y la calidad a la mercader\u00eda que se exporta\u201d a trav\u00e9s de los puertos argentinos.<\/p>\n<p>\u201cEstamos orgullosos de que a\u00f1o tras a\u00f1os formamos y capacitamos a personas de toda edad, que se pueden insertar en el mercado laboral, si bien hoy es un poco dif\u00edcil dado el contexto econ\u00f3mico, pero desde Urgara seguimos apostando al crecimiento\u201d, a\u00f1adi\u00f3 Caminos.<\/p>\n<p>El director del Ceforga\u00a0 precis\u00f3 que dicho centro trabaja bajo la \u00f3rbita de la Direcci\u00f3n de Cultura y Educaci\u00f3n as\u00ed como del Ministerio de Trabajo de la Provincia de Buenos Aires, en virtud de lo cual \u201chay un doble control y una doble supervisi\u00f3n, lo cual es importante, porque\u00a0 hace que los alumnos puedan tener una\u00a0 inserci\u00f3n laboral un poco m\u00e1s concreta, no s\u00f3lo la formaci\u00f3n\u201d.<\/p>\n<p><strong>LOS EGRESADOS<\/strong><\/p>\n<p>Las personas que recibieron su certificaci\u00f3n como egresados del curso de perito en granos son:<\/p>\n<p>Juan Cruz Balsategui, Yanina Balsaegui, Leandro Cabezas, Pamela Cepeda, Agustin Ferrari, Sabrina Figueroa, Jonhatan Guti\u00e9rez,\u00a0 Soledad Bravo Herrera, Mat\u00edas Ibauza, Valeria Jensen, Mat\u00edas Koch, Daniel Latorre, Gabriel Latorre, Hugo Medina, Gabriel Migoni, Lucrecia Ojeda, Patricia Weber, Daniela Peralta, Federico Peralta, Aylen Pierrestegui Savari\u00f1u, Aimara Poliero, Catalina Reyes, Micaela Suriano, Mariano Uabldi, Luciano Varosio, Ramiro Almaraz, Juan Bautista Alvarez, Mar\u00eda Laura Di N\u00e1poli, Eduardo Ducca, Emanuel Giles, Brenda Luc\u00eda Iraguren, Ariana Micaela Larra\u00f1aga, Mar\u00eda Bel\u00e9n Mart\u00ednez, Cintia Petersen y Juan Ignacio Ramos.<\/p>\n","protected":false},"excerpt":{"rendered":"<p>Con la presencia del director del Centro de Formaci\u00f3n Profesional del gremio, Fernando Caminos. Egresados del curso de perito en granos y oleaginosas brindado este a\u00f1o por\u00a0 Urgara, a trav\u00e9s de su centro de formaci\u00f3n profesional, recibieron el jueves \u00faltimo sus correspondientes certificados y diplomas en la sede de la Seccional Necochea del gremio. Adem\u00e1s [&hellip;]<\/p>\n","protected":false},"author":3,"featured_media":96249,"comment_status":"closed","ping_status":"closed","sticky":false,"template":"","format":"standard","meta":{"footnotes":""},"categories":[3],"tags":[],"class_list":["post-96247","post","type-post","status-publish","format-standard","has-post-thumbnail","category-masnoticias"],"_links":{"self":[{"href":"https:\/\/primicias2262.com\/noticias\/wp-json\/wp\/v2\/posts\/96247","targetHints":{"allow":["GET"]}}],"collection":[{"href":"https:\/\/primicias2262.com\/noticias\/wp-json\/wp\/v2\/posts"}],"about":[{"href":"https:\/\/primicias2262.com\/noticias\/wp-json\/wp\/v2\/types\/post"}],"author":[{"embeddable":true,"href":"https:\/\/primicias2262.com\/noticias\/wp-json\/wp\/v2\/users\/3"}],"replies":[{"embeddable":true,"href":"https:\/\/primicias2262.com\/noticias\/wp-json\/wp\/v2\/comments?post=96247"}],"version-history":[{"count":0,"href":"https:\/\/primicias2262.com\/noticias\/wp-json\/wp\/v2\/posts\/96247\/revisions"}],"wp:attachment":[{"href":"https:\/\/primicias2262.com\/noticias\/wp-json\/wp\/v2\/media?parent=96247"}],"wp:term":[{"taxonomy":"category","embeddable":true,"href":"https:\/\/primicias2262.com\/noticias\/wp-json\/wp\/v2\/categories?post=96247"},{"taxonomy":"post_tag","embeddable":true,"href":"https:\/\/primicias2262.com\/noticias\/wp-json\/wp\/v2\/tags?post=96247"}],"curies":[{"name":"wp","href":"https:\/\/api.w.org\/{rel}","templated":true}]}}